{"id":10282,"date":"2019-08-06T15:17:33","date_gmt":"2019-08-06T13:17:33","guid":{"rendered":"http:\/\/joseph-isola.info\/Sardequin\/?p=10282"},"modified":"2019-08-06T16:51:36","modified_gmt":"2019-08-06T14:51:36","slug":"vers-un-nouvel-ampli-hi-fi","status":"publish","type":"post","link":"https:\/\/joseph-isola.info\/Sardequin\/vers-un-nouvel-ampli-hi-fi\/","title":{"rendered":"Vers un nouvel ampli hi-fi ?"},"content":{"rendered":"\n<p>J\u2019ai actuellement deux amplificateurs hi-fi : un Luxman LV110 et un Scott 250S. Deux beaux et v\u00e9n\u00e9rables amplificateurs vintage ! Et comme par un fait expr\u00e8s ils pr\u00e9sentent tous les deux des soucis quand je veux \u00e9couter mes vinyles, et sur les deux platines vinyles. <br \/>Les sympt\u00f4mes ?<strong> <\/strong><br \/><strong>Avec le Scott<\/strong>, je perds le son de mani\u00e8re al\u00e9atoire soit cot\u00e9 gauche, soit cot\u00e9 droit. Quand je dis al\u00e9atoire, c\u2019est vraiment le cas. Il est arriv\u00e9 que pendant plusieurs jours, l\u2019\u00e9coute ne pose pas de probl\u00e8mes, tout roule parfaitement et la st\u00e9r\u00e9o est parfaite. <br \/><strong>Avec le Luxman<\/strong>, quasiment les m\u00eames sympt\u00f4mes sauf que de mani\u00e8re tr\u00e8s al\u00e9atoire (la aussi) le son gr\u00e9sille d\u2019un cot\u00e9 ou de l\u2019autre. Et que si j\u2019appui sur le s\u00e9lecteur phono (un bouton que l\u2019on enfonce), le gr\u00e9sillement peut disparaitre totalement, st\u00e9r\u00e9o OK, ou alors changer de cot\u00e9 !!! Et aussi le son peut \u00eatre parfait pendant plusieurs jours d\u2019affil\u00e9s. Hier, \u00e9coute parfaite avec le Luxman, ce matin, rien \u00e0 faire ! Et puis, il y a le sympt\u00f4me qui est fait pour me faire suer d\u2019une force, mais d\u2019une force !!! Quand j\u2019\u00e9coute des CD Audio, autant sur le Luxman que sur le Scott, <strong>TOUT VA BIEN !!!!!!!<\/strong> Au moment d\u2019\u00e9crire laborieusement ce billet d\u2019humeur et d\u2019interrogation, un CD de <strong>Keren Ann<\/strong><\/p>\n\n\n\n<figure class=\"wp-block-embed-wordpress alignwide wp-block-embed is-type-wp-embed is-provider-le-blog-notes\"><div class=\"wp-block-embed__wrapper\">\n<blockquote class=\"wp-embedded-content\" data-secret=\"OSgQ8glzOL\"><a href=\"https:\/\/joseph-isola.info\/Sardequin\/chronique-express-keren-ann-not-going-anywhere\/\">[Chronique express] Keren Ann &#8211; not going anywhere\u2026<\/a><\/blockquote><iframe loading=\"lazy\" class=\"wp-embedded-content\" sandbox=\"allow-scripts\" security=\"restricted\" style=\"position: absolute; clip: rect(1px, 1px, 1px, 1px);\" title=\"\u00ab\u00a0[Chronique express] Keren Ann &#8211; not going anywhere\u2026\u00a0\u00bb &#8212; LE BLOG NOTES\" src=\"https:\/\/joseph-isola.info\/Sardequin\/chronique-express-keren-ann-not-going-anywhere\/embed\/#?secret=vC8TjSKWLN#?secret=OSgQ8glzOL\" data-secret=\"OSgQ8glzOL\" width=\"600\" height=\"338\" frameborder=\"0\" marginwidth=\"0\" marginheight=\"0\" scrolling=\"no\"><\/iframe>\n<\/div><\/figure>\n\n\n\n<p>envahi l\u2019espace sonore avec une belle amplitude ! Bref, un CD Audio et tout va bien ! Je suis m\u00eame oblig\u00e9 de baisser le volume pour ne pas envahir l\u2019espace des voisins ! Bon, j\u2019avais commis un article en 2016 pour les m\u00eames probl\u00e8mes ou presque (en le relisant). Le fait que le son soit parfait avec l\u2019\u00e9coute des CD me fait forc\u00e9ment \u00e9carter un souci avec les enceintes. Et j\u2019en arrive \u00e0 la conclusion que pas de bol, mais vraiment pas, les \u00e9tages phono de mes deux amplificateurs d\u00e9connent, les deux !!!! Les sympt\u00f4mes sur le Luxman sont encore plus \u00e9vidents vu qu\u2019il peut parfois suffit d\u2019appuyer plusieurs fois sur le s\u00e9lecteur phono pour retrouver un bon son ! Je pense aussi que les platines sont hors de cause. H\u00e9las, je n\u2019ai pas d\u2019autre ampli sous la main pour v\u00e9rifier mes conclusions, et \u00e7a c\u2019est quand m\u00eame dommage ! Pour tout vous dire, j\u2019ai commenc\u00e9 \u00e0 regarder pour m\u2019acheter un nouvel ampli, et du neuf ! Plus de vintage pour moi ! <\/p>\n\n\n\n<p>J\u2019ai donc commenc\u00e9 \u00e0 \u00e9cumer le web en commen\u00e7ant avec un site que j\u2019ai d\u00e9j\u00e0 exp\u00e9riment\u00e9 : <a href=\"https:\/\/www.son-video.com\" target=\"_blank\" rel=\"noreferrer noopener\" aria-label=\" (opens in a new tab)\">https:\/\/www.son-video.com<\/a> ! J\u2019ai vu des choses int\u00e9ressantes dans la partie destockage, mais je n\u2019ai pas \u00e9t\u00e9 assez rapide. Et j\u2019ai aussi relev\u00e9 une petite erreur en remarquant que la fa\u00e7ade d\u2019un ampli NAD ne correspondait pas \u00e0 son arri\u00e8re et donc \u00e0 la connectique ! Je l\u2019ai m\u00eame signal\u00e9 et j\u2019ai eu la surprise de recevoir le soir m\u00eame un appel t\u00e9l\u00e9phonique du SAV. Au bout de la discussion, j\u2019ai eu une proposition d\u2019un devis pour un ampli avec une r\u00e9duction de 100\u20ac.<\/p>\n\n\n\n<p><a href=\"https:\/\/www.son-video.com\/article\/amplis-dac\/marantz\/pm-6006-silver-gold\" target=\"_blank\" rel=\"noreferrer noopener\" aria-label=\" (opens in a new tab)\">https:\/\/www.son-video.com\/article\/amplis-dac\/marantz\/pm-6006-silver-gold<\/a> Un bel ampli, qui m\u2019est propos\u00e9 \u00e0 399\u20ac au lieu de 499 ! J\u2019h\u00e9site, j\u2019h\u00e9site, c\u2019est une somme mine de rien ! Et puis, certaines fonctionnalis\u00e9s ne m\u2019int\u00e9ressent que peu, pas besoin de lecture de DVD, ni de branchement r\u00e9seau par exemple, ni de DAC. Je me suis donc int\u00e9ress\u00e9 au petit fr\u00e8re de ce Marantz : <a rel=\"noreferrer noopener\" aria-label=\" (opens in a new tab)\" href=\"https:\/\/www.son-video.com\/article\/amplis-hi-fi-stereo\/marantz\/pm-5005-silver-gold\" target=\"_blank\">https:\/\/www.son-video.com\/article\/amplis-hi-fi-stereo\/marantz\/pm-5005-silver-gold<\/a> qui lui est propos\u00e9 \u00e0 299\u20ac (soir 100\u20ac de moins que mon devis privil\u00e8ge). Les deux amplis ont d\u2019ailleurs \u00e9t\u00e9 r\u00e9compens\u00e9s par des Diapasons d\u2019Or. Et m\u00eame si le \u00ab\u00a0petit\u00a0\u00bb semble moins \u00ab\u00a0performant\u00a0\u00bb, j\u2019ai l\u2019impression que dans ma petite pi\u00e8ce d\u2019\u00e9coute, il sera largement \u00e0 la hauteur de mes espoirs et \u00e0 la hauteur de mes petites enceintes Pierre \u00c9tienne L\u00e9on ! J\u2019h\u00e9site donc \u00e0 franchir le pas, j\u2019h\u00e9site entre le noir ou le silver-gold. J\u2019h\u00e9site aussi pour le site d\u2019achat, l\u2019ayant vu \u00e0 219\u20ac sur d\u2019autres site que je ne connais pas ! Il y a aussi la possibilit\u00e9 d\u2019aller sur place (Boulanger par exemple) et m\u00eame de rapporter un ancien ampli (j\u2019ai mon Cambridge Audio qui prend la poussi\u00e8re dans un carton \u00e0 la cave et comme il est irr\u00e9parable\u2026) ! Et puis je pourrais proposer sur le boncoin \u00e0 petit prix mes deux autres amplis pour bricoleurs avis\u00e9s. Bref, l\u2019heure est \u00e0 la r\u00e9flexion\u2026 En attendant, musique on CD aujourd\u2019hui ! Et le temps de finir ce billet, <strong>Brad Mehldau<\/strong> &#8211; <strong>The Art of the Trio<\/strong> sur la platine CD !<\/p>\n\n\n\n<figure class=\"wp-block-embed-youtube aligncenter wp-block-embed is-type-video is-provider-youtube wp-embed-aspect-4-3 wp-has-aspect-ratio\"><div class=\"wp-block-embed__wrapper\">\n<iframe loading=\"lazy\" title=\"Brad Mehldau Trio - Lament for Linus, Paris 1997\" width=\"640\" height=\"480\" src=\"https:\/\/www.youtube.com\/embed\/h-o8DZrAkuw?feature=oembed\" frameborder=\"0\" allow=\"accelerometer; autoplay; clipboard-write; encrypted-media; gyroscope; picture-in-picture; web-share\" referrerpolicy=\"strict-origin-when-cross-origin\" allowfullscreen><\/iframe>\n<\/div><\/figure>\n","protected":false},"excerpt":{"rendered":"<p>J\u2019ai actuellement deux amplificateurs hi-fi : un Luxman LV110 et un Scott 250S. Deux beaux<\/p>\n","protected":false},"author":5,"featured_media":10286,"comment_status":"open","ping_status":"open","sticky":false,"template":"","format":"standard","meta":{"_jetpack_memberships_contains_paid_content":false,"footnotes":"","jetpack_publicize_message":"","jetpack_publicize_feature_enabled":true,"jetpack_social_post_already_shared":true,"jetpack_social_options":{"image_generator_settings":{"template":"highway","default_image_id":0,"font":"","enabled":false},"version":2}},"categories":[1,68,16],"tags":[537,536,20],"class_list":["post-10282","post","type-post","status-publish","format-standard","has-post-thumbnail","hentry","category-jour-en-jours","category-musique","category-sur-ma-platine","tag-hi-fi","tag-marantz","tag-musique"],"jetpack_publicize_connections":[],"jetpack_featured_media_url":"https:\/\/joseph-isola.info\/Sardequin\/wp-content\/uploads\/2019\/08\/achat.png","jetpack_likes_enabled":true,"jetpack_sharing_enabled":true,"_links":{"self":[{"href":"https:\/\/joseph-isola.info\/Sardequin\/wp-json\/wp\/v2\/posts\/10282","targetHints":{"allow":["GET"]}}],"collection":[{"href":"https:\/\/joseph-isola.info\/Sardequin\/wp-json\/wp\/v2\/posts"}],"about":[{"href":"https:\/\/joseph-isola.info\/Sardequin\/wp-json\/wp\/v2\/types\/post"}],"author":[{"embeddable":true,"href":"https:\/\/joseph-isola.info\/Sardequin\/wp-json\/wp\/v2\/users\/5"}],"replies":[{"embeddable":true,"href":"https:\/\/joseph-isola.info\/Sardequin\/wp-json\/wp\/v2\/comments?post=10282"}],"version-history":[{"count":0,"href":"https:\/\/joseph-isola.info\/Sardequin\/wp-json\/wp\/v2\/posts\/10282\/revisions"}],"wp:featuredmedia":[{"embeddable":true,"href":"https:\/\/joseph-isola.info\/Sardequin\/wp-json\/wp\/v2\/media\/10286"}],"wp:attachment":[{"href":"https:\/\/joseph-isola.info\/Sardequin\/wp-json\/wp\/v2\/media?parent=10282"}],"wp:term":[{"taxonomy":"category","embeddable":true,"href":"https:\/\/joseph-isola.info\/Sardequin\/wp-json\/wp\/v2\/categories?post=10282"},{"taxonomy":"post_tag","embeddable":true,"href":"https:\/\/joseph-isola.info\/Sardequin\/wp-json\/wp\/v2\/tags?post=10282"}],"curies":[{"name":"wp","href":"https:\/\/api.w.org\/{rel}","templated":true}]}}