{"id":1085,"date":"2014-01-24T14:00:04","date_gmt":"2014-01-24T13:00:04","guid":{"rendered":"http:\/\/joseph-isola.info\/Sardequin\/?p=1085"},"modified":"2014-01-24T15:15:36","modified_gmt":"2014-01-24T14:15:36","slug":"probleme-de-cache-internet","status":"publish","type":"post","link":"https:\/\/joseph-isola.info\/Sardequin\/probleme-de-cache-internet\/","title":{"rendered":"Probl\u00e8me de cache internet ! [MAJ] et [R\u00e9solu]"},"content":{"rendered":"<p><span style=\"line-height: 1.6;\">Alors, y\u2019en a marre donc !<\/span><\/p>\n<p>&nbsp;<\/p>\n<p style=\"text-align: justify;\"><!--more-->Bon, aujourd\u2019hui j\u2019ai voulu modifier l\u2019arri\u00e8re plan du Blog. Et je constate, h\u00e9las, qu\u2019il y a de gros soucis avec le \u00ab\u00a0rafra\u00eechissement\u00a0\u00bb des pages, et leur actualisation et modifications. En gros, la premi\u00e8re image vous montre ce que normalement on doit voir, sur la page principale du blog, et dans les pages de cat\u00e9gories.<\/p>\n<p><a href=\"https:\/\/joseph-isola.info\/Sardequin\/wp-content\/uploads\/2014\/01\/ok.png\"><img loading=\"lazy\" decoding=\"async\" class=\"aligncenter size-large wp-image-1086\" alt=\"ok\" src=\"https:\/\/joseph-isola.info\/Sardequin\/wp-content\/uploads\/2014\/01\/ok-1024x603.png\" width=\"585\" height=\"344\" srcset=\"https:\/\/joseph-isola.info\/Sardequin\/wp-content\/uploads\/2014\/01\/ok-1024x603.png 1024w, https:\/\/joseph-isola.info\/Sardequin\/wp-content\/uploads\/2014\/01\/ok-300x176.png 300w, https:\/\/joseph-isola.info\/Sardequin\/wp-content\/uploads\/2014\/01\/ok.png 1917w\" sizes=\"auto, (max-width: 585px) 100vw, 585px\" \/><\/a><\/p>\n<p>&nbsp;<\/p>\n<p style=\"text-align: justify;\">Mais \u00e7a n\u2019est visible que si je suis connect\u00e9 \u00e0 mon blog, comme l\u2019administrateur que je suis. Mais si je ne suis pas connect\u00e9, voil\u00e0 ce que je peux voir (ci-dessous). Et donc, les visiteurs \u00e9galement.<br \/>\n<a href=\"https:\/\/joseph-isola.info\/Sardequin\/wp-content\/uploads\/2014\/01\/pasok.png\"><img loading=\"lazy\" decoding=\"async\" class=\"aligncenter size-large wp-image-1087\" alt=\"pasok\" src=\"https:\/\/joseph-isola.info\/Sardequin\/wp-content\/uploads\/2014\/01\/pasok-1024x595.png\" width=\"585\" height=\"339\" srcset=\"https:\/\/joseph-isola.info\/Sardequin\/wp-content\/uploads\/2014\/01\/pasok-1024x595.png 1024w, https:\/\/joseph-isola.info\/Sardequin\/wp-content\/uploads\/2014\/01\/pasok-300x174.png 300w, https:\/\/joseph-isola.info\/Sardequin\/wp-content\/uploads\/2014\/01\/pasok.png 1911w\" sizes=\"auto, (max-width: 585px) 100vw, 585px\" \/><\/a><\/p>\n<p>&nbsp;<\/p>\n<p style=\"text-align: justify;\">Bref, c\u2019est clairement un probl\u00e8me de cache, sans aucun doute li\u00e9 au serveur OVH. J\u2019ai pourtant tent\u00e9 une manipulation indiqu\u00e9e sur le site d\u2019OVH. mais bon, rien \u00e0 faire ! Peut-\u00eatre attendre un \u00ab\u00a0rafra\u00eechissement\u00a0\u00bb automatique du serveur d\u2019OVH ! En attendant, c\u2019est vraiment aga\u00e7ant !<\/p>\n<p style=\"text-align: justify;\">\ud83d\ude41<\/p>\n<p style=\"text-align: justify;\">________________<\/p>\n<p style=\"text-align: justify;\">[MAJ] <span style=\"color: #008000;\">Il semble que le fait d\u2019avoir ajout\u00e9 ce billet a r\u00e9gl\u00e9 en parti le probl\u00e8me. Mais bon, ce n\u2019est pas satisfaisant !<\/span><\/p>\n<p style=\"text-align: justify;\">[R\u00e9solu] <span style=\"color: #0000ff;\"><span style=\"color: #0000ff;\">C\u2019\u00e9tait bien un souci de cache. Souci r\u00e9solu en utilisant le plugin\u00a0<\/span><strong style=\"color: #0000ff;\">WP super Cache<\/strong><span style=\"color: #0000ff;\">. En fait, en allant voir sur le ftp du serveur h\u00e9bergeant mon blog, j\u2019ai vu dans le dossier WordPress, un sous dossier cache rempli \u00e0 ras bord, si je peux m\u2019exprimer ainsi. En explorant l\u2019interface d\u2019administration du blog, j\u2019ai vu que j\u2019avais install\u00e9 un plugin pouvant agir sur les caches du blog\u2026 Bingo\u2026 Le dossier cache s\u2019est retrouv\u00e9 all\u00e9g\u00e9 d<\/span>\u2019une bonne centaine de fichiers (pr\u00e9sents sans aucun doute depuis la cr\u00e9ation du blog. Et mon arri\u00e8re plan est enfin apparu sur toutes les pages du blog, arri\u00e8re plan enfin visible m\u00eame pour un visiteur non connect\u00e9.\u00a0<span style=\"color: #0000ff;\">Donc probl\u00e8me r\u00e9gl\u00e9 !<\/span><\/span><\/p>\n","protected":false},"excerpt":{"rendered":"<p>Alors, y\u2019en a marre donc ! &nbsp;<\/p>\n","protected":false},"author":5,"featured_media":1088,"comment_status":"open","ping_status":"open","sticky":false,"template":"","format":"standard","meta":{"_jetpack_memberships_contains_paid_content":false,"footnotes":"","jetpack_publicize_message":"","jetpack_publicize_feature_enabled":true,"jetpack_social_post_already_shared":true,"jetpack_social_options":{"image_generator_settings":{"template":"highway","default_image_id":0,"font":"","enabled":false},"version":2}},"categories":[1],"tags":[25],"class_list":["post-1085","post","type-post","status-publish","format-standard","has-post-thumbnail","hentry","category-jour-en-jours","tag-blabla"],"jetpack_publicize_connections":[],"jetpack_featured_media_url":"https:\/\/joseph-isola.info\/Sardequin\/wp-content\/uploads\/2014\/01\/grr.png","jetpack_likes_enabled":true,"jetpack_sharing_enabled":true,"_links":{"self":[{"href":"https:\/\/joseph-isola.info\/Sardequin\/wp-json\/wp\/v2\/posts\/1085","targetHints":{"allow":["GET"]}}],"collection":[{"href":"https:\/\/joseph-isola.info\/Sardequin\/wp-json\/wp\/v2\/posts"}],"about":[{"href":"https:\/\/joseph-isola.info\/Sardequin\/wp-json\/wp\/v2\/types\/post"}],"author":[{"embeddable":true,"href":"https:\/\/joseph-isola.info\/Sardequin\/wp-json\/wp\/v2\/users\/5"}],"replies":[{"embeddable":true,"href":"https:\/\/joseph-isola.info\/Sardequin\/wp-json\/wp\/v2\/comments?post=1085"}],"version-history":[{"count":0,"href":"https:\/\/joseph-isola.info\/Sardequin\/wp-json\/wp\/v2\/posts\/1085\/revisions"}],"wp:featuredmedia":[{"embeddable":true,"href":"https:\/\/joseph-isola.info\/Sardequin\/wp-json\/wp\/v2\/media\/1088"}],"wp:attachment":[{"href":"https:\/\/joseph-isola.info\/Sardequin\/wp-json\/wp\/v2\/media?parent=1085"}],"wp:term":[{"taxonomy":"category","embeddable":true,"href":"https:\/\/joseph-isola.info\/Sardequin\/wp-json\/wp\/v2\/categories?post=1085"},{"taxonomy":"post_tag","embeddable":true,"href":"https:\/\/joseph-isola.info\/Sardequin\/wp-json\/wp\/v2\/tags?post=1085"}],"curies":[{"name":"wp","href":"https:\/\/api.w.org\/{rel}","templated":true}]}}