{"id":11620,"date":"2020-08-15T11:43:28","date_gmt":"2020-08-15T09:43:28","guid":{"rendered":"http:\/\/joseph-isola.info\/Sardequin\/?p=11620"},"modified":"2020-08-15T11:43:40","modified_gmt":"2020-08-15T09:43:40","slug":"une-recolte-de-disques","status":"publish","type":"post","link":"https:\/\/joseph-isola.info\/Sardequin\/une-recolte-de-disques\/","title":{"rendered":"Une r\u00e9colte de disques !"},"content":{"rendered":"\n<h4 class=\"has-text-align-center wp-block-heading\">Petit article pour deux petites r\u00e9coltes de vinyles<\/h4>\n\n\n\n<p>Avant une vid\u00e9o \u00e0 venir sur le Vlog Notes, petite image des 3 derniers vinyles achet\u00e9s. <\/p>\n\n\n\n<figure class=\"wp-block-image size-large\"><img loading=\"lazy\" decoding=\"async\" width=\"1280\" height=\"1019\" src=\"https:\/\/joseph-isola.info\/Sardequin\/wp-content\/uploads\/2020\/08\/3-disques-1280x1019.jpg\" alt=\"\" class=\"wp-image-11621\" srcset=\"https:\/\/joseph-isola.info\/Sardequin\/wp-content\/uploads\/2020\/08\/3-disques-1280x1019.jpg 1280w, https:\/\/joseph-isola.info\/Sardequin\/wp-content\/uploads\/2020\/08\/3-disques-600x478.jpg 600w, https:\/\/joseph-isola.info\/Sardequin\/wp-content\/uploads\/2020\/08\/3-disques-1536x1223.jpg 1536w, https:\/\/joseph-isola.info\/Sardequin\/wp-content\/uploads\/2020\/08\/3-disques-2048x1631.jpg 2048w\" sizes=\"auto, (max-width: 1280px) 100vw, 1280px\" \/><\/figure>\n\n\n\n<ul class=\"wp-block-list\"><li>Scott Walker &#8211; The Drift<\/li><li>Luciano Berio &#8211; laborintus 2<\/li><li>McCoy Tyner &#8211; Sahara<\/li><\/ul>\n\n\n\n<p>Le Scott Walker (tr\u00e8s exp\u00e9rimental et sombre), trouvaille presque miraculeuse en vide-greniers, et les deux autres ce jour (samedi 15 ao\u00fbt 2020) \u00e0 la foire aux disques d\u2019Aix en Provence. Plus de d\u00e9tails donc dans un Vlog Notes \u00e0 venir sur ma chaine Youtube, d\u2019autant que je vais y retourner demain \u00e0 la foire aux disques !<\/p>\n","protected":false},"excerpt":{"rendered":"<p>Petit article pour deux petites r\u00e9coltes de vinyles Avant une vid\u00e9o \u00e0 venir sur le<\/p>\n","protected":false},"author":5,"featured_media":11621,"comment_status":"open","ping_status":"open","sticky":false,"template":"","format":"standard","meta":{"_jetpack_memberships_contains_paid_content":false,"footnotes":"","jetpack_publicize_message":"","jetpack_publicize_feature_enabled":true,"jetpack_social_post_already_shared":true,"jetpack_social_options":{"image_generator_settings":{"template":"highway","default_image_id":0,"font":"","enabled":false},"version":2}},"categories":[124,1,409,68,62],"tags":[579,644,402,444,260,586,450,55,19],"class_list":["post-11620","post","type-post","status-publish","format-standard","has-post-thumbnail","hentry","category-blues-jazz","category-jour-en-jours","category-experimentales","category-musique","category-vinyles","tag-avant-garde","tag-berio","tag-experimental","tag-foire-aux-disques","tag-jazz","tag-mccoy-tyner","tag-scott-walker","tag-vide-greniers","tag-vinyles"],"jetpack_publicize_connections":[],"jetpack_featured_media_url":"https:\/\/joseph-isola.info\/Sardequin\/wp-content\/uploads\/2020\/08\/3-disques-scaled.jpg","jetpack_likes_enabled":true,"jetpack_sharing_enabled":true,"_links":{"self":[{"href":"https:\/\/joseph-isola.info\/Sardequin\/wp-json\/wp\/v2\/posts\/11620","targetHints":{"allow":["GET"]}}],"collection":[{"href":"https:\/\/joseph-isola.info\/Sardequin\/wp-json\/wp\/v2\/posts"}],"about":[{"href":"https:\/\/joseph-isola.info\/Sardequin\/wp-json\/wp\/v2\/types\/post"}],"author":[{"embeddable":true,"href":"https:\/\/joseph-isola.info\/Sardequin\/wp-json\/wp\/v2\/users\/5"}],"replies":[{"embeddable":true,"href":"https:\/\/joseph-isola.info\/Sardequin\/wp-json\/wp\/v2\/comments?post=11620"}],"version-history":[{"count":0,"href":"https:\/\/joseph-isola.info\/Sardequin\/wp-json\/wp\/v2\/posts\/11620\/revisions"}],"wp:featuredmedia":[{"embeddable":true,"href":"https:\/\/joseph-isola.info\/Sardequin\/wp-json\/wp\/v2\/media\/11621"}],"wp:attachment":[{"href":"https:\/\/joseph-isola.info\/Sardequin\/wp-json\/wp\/v2\/media?parent=11620"}],"wp:term":[{"taxonomy":"category","embeddable":true,"href":"https:\/\/joseph-isola.info\/Sardequin\/wp-json\/wp\/v2\/categories?post=11620"},{"taxonomy":"post_tag","embeddable":true,"href":"https:\/\/joseph-isola.info\/Sardequin\/wp-json\/wp\/v2\/tags?post=11620"}],"curies":[{"name":"wp","href":"https:\/\/api.w.org\/{rel}","templated":true}]}}