{"id":12201,"date":"2021-01-20T20:45:07","date_gmt":"2021-01-20T19:45:07","guid":{"rendered":"http:\/\/joseph-isola.info\/Sardequin\/?p=12201"},"modified":"2021-01-20T20:45:15","modified_gmt":"2021-01-20T19:45:15","slug":"deux-mixcloud-pour-le-prix-dun-seul","status":"publish","type":"post","link":"https:\/\/joseph-isola.info\/Sardequin\/deux-mixcloud-pour-le-prix-dun-seul\/","title":{"rendered":"Deux [Mixcloud] pour le prix d\u2019un seul !"},"content":{"rendered":"\n<p class=\"has-drop-cap\">Oui, deux pour le prix d\u2019un seul, celui d\u2019Olivier et sa piquer de rappel de 2020, forc\u00e9ment tr\u00e8s rock, et le mien, seconde partie de mon TOP 2020, plut\u00f4t Jazz, avec quand m\u00eame quelques virgules rock ! Bonne \u00e9coute et enjoy !<\/p>\n\n\n\n<hr class=\"wp-block-separator has-text-color has-background has-vivid-red-background-color has-vivid-red-color is-style-wide\"\/>\n\n\n\n<figure class=\"wp-block-embed is-type-rich is-provider-mixcloud wp-block-embed-mixcloud wp-embed-aspect-21-9 wp-has-aspect-ratio\"><div class=\"wp-block-embed__wrapper\">\n<iframe loading=\"lazy\" title=\"[Sur La Platine] Piqure De Rappel : 2020 - Le Bilan\" width=\"100%\" height=\"120\" src=\"https:\/\/www.mixcloud.com\/widget\/iframe\/?feed=https%3A%2F%2Fwww.mixcloud.com%2Fboutsi1%2Fsur-la-platine-piqure-de-rappel-2020-le-bilan%2F&amp;hide_cover=1\" frameborder=\"0\"><\/iframe>\n<\/div><\/figure>\n\n\n\n<hr class=\"wp-block-separator has-text-color has-background has-vivid-cyan-blue-background-color has-vivid-cyan-blue-color is-style-wide\"\/>\n\n\n\n<figure class=\"wp-block-embed aligncenter is-type-rich is-provider-mixcloud wp-block-embed-mixcloud wp-embed-aspect-21-9 wp-has-aspect-ratio\"><div class=\"wp-block-embed__wrapper\">\n<iframe loading=\"lazy\" title=\"[Sardequin] Un Top 20 (Part Ii)\" width=\"100%\" height=\"120\" src=\"https:\/\/www.mixcloud.com\/widget\/iframe\/?feed=https%3A%2F%2Fwww.mixcloud.com%2Fboutsi1%2Fsardequin-un-top-20-part-ii%2F&amp;hide_cover=1\" frameborder=\"0\"><\/iframe>\n<\/div><\/figure>\n","protected":false},"excerpt":{"rendered":"<p>Oui, deux pour le prix d\u2019un seul, celui d\u2019Olivier et sa piquer de rappel de<\/p>\n","protected":false},"author":5,"featured_media":12203,"comment_status":"open","ping_status":"open","sticky":false,"template":"","format":"standard","meta":{"_jetpack_memberships_contains_paid_content":false,"footnotes":"","jetpack_publicize_message":"","jetpack_publicize_feature_enabled":true,"jetpack_social_post_already_shared":true,"jetpack_social_options":{"image_generator_settings":{"template":"highway","default_image_id":0,"font":"","enabled":false},"version":2}},"categories":[124,409,68,122,125,16,62],"tags":[260,620,20,392,506,84,19],"class_list":["post-12201","post","type-post","status-publish","format-standard","has-post-thumbnail","hentry","category-blues-jazz","category-experimentales","category-musique","category-rock","category-roots-reggae-world-et-autres","category-sur-ma-platine","category-vinyles","tag-jazz","tag-mixcloud","tag-musique","tag-reggae","tag-rock-psychedelique","tag-sur-ma-platine","tag-vinyles"],"jetpack_publicize_connections":[],"jetpack_featured_media_url":"https:\/\/joseph-isola.info\/Sardequin\/wp-content\/uploads\/2021\/01\/Capture-decran-2021-01-20-a-mercredi-20-janvier-20.40.33.png","jetpack_likes_enabled":true,"jetpack_sharing_enabled":true,"_links":{"self":[{"href":"https:\/\/joseph-isola.info\/Sardequin\/wp-json\/wp\/v2\/posts\/12201","targetHints":{"allow":["GET"]}}],"collection":[{"href":"https:\/\/joseph-isola.info\/Sardequin\/wp-json\/wp\/v2\/posts"}],"about":[{"href":"https:\/\/joseph-isola.info\/Sardequin\/wp-json\/wp\/v2\/types\/post"}],"author":[{"embeddable":true,"href":"https:\/\/joseph-isola.info\/Sardequin\/wp-json\/wp\/v2\/users\/5"}],"replies":[{"embeddable":true,"href":"https:\/\/joseph-isola.info\/Sardequin\/wp-json\/wp\/v2\/comments?post=12201"}],"version-history":[{"count":0,"href":"https:\/\/joseph-isola.info\/Sardequin\/wp-json\/wp\/v2\/posts\/12201\/revisions"}],"wp:featuredmedia":[{"embeddable":true,"href":"https:\/\/joseph-isola.info\/Sardequin\/wp-json\/wp\/v2\/media\/12203"}],"wp:attachment":[{"href":"https:\/\/joseph-isola.info\/Sardequin\/wp-json\/wp\/v2\/media?parent=12201"}],"wp:term":[{"taxonomy":"category","embeddable":true,"href":"https:\/\/joseph-isola.info\/Sardequin\/wp-json\/wp\/v2\/categories?post=12201"},{"taxonomy":"post_tag","embeddable":true,"href":"https:\/\/joseph-isola.info\/Sardequin\/wp-json\/wp\/v2\/tags?post=12201"}],"curies":[{"name":"wp","href":"https:\/\/api.w.org\/{rel}","templated":true}]}}