{"id":12520,"date":"2021-06-03T20:36:18","date_gmt":"2021-06-03T18:36:18","guid":{"rendered":"http:\/\/joseph-isola.info\/Sardequin\/?p=12520"},"modified":"2021-06-03T20:36:25","modified_gmt":"2021-06-03T18:36:25","slug":"quelques-achats-de-vinyles-et-de-cd-aussi","status":"publish","type":"post","link":"https:\/\/joseph-isola.info\/Sardequin\/quelques-achats-de-vinyles-et-de-cd-aussi\/","title":{"rendered":"Quelques achats de vinyles et de CD aussi"},"content":{"rendered":"\n<div class=\"wp-block-columns is-layout-flex wp-container-core-columns-is-layout-9d6595d7 wp-block-columns-is-layout-flex\">\n<div class=\"wp-block-column is-layout-flow wp-block-column-is-layout-flow\">\n<h2 class=\"has-text-align-center wp-block-heading\">Des CD audio, des vinyles.<\/h2>\n\n\n\n<p>Avant la prochaine vid\u00e9o sur mes acquisitions de vinyle, un petit billet \u00e0 l\u2019attention de ceux qui n\u2019auraient pas envie de passer du temps sur Youtube. Dimanche dernier donc, un vide-greniers, et quand m\u00eame quelques albums d\u00e9nich\u00e9s au fil des stands. Rien de bien exceptionnel mais \u00e7a fait plaisir de retrouver le chemin des brocantes.<\/p>\n\n\n\n<figure class=\"wp-block-image size-large is-resized\"><a href=\"http:\/\/sardequin.jalbum.net\/Vinyles\/slides\/vide-greniers_30_05_21.png\" target=\"_blank\" rel=\"noopener\"><img loading=\"lazy\" decoding=\"async\" src=\"http:\/\/sardequin.jalbum.net\/Vinyles\/slides\/vide-greniers_30_05_21.png\" alt=\"\" width=\"419\" height=\"370\"\/><\/a><\/figure>\n\n\n\n<p>Le <strong>Johnny Otis Show<\/strong> est un chouette album de blues rock, et <strong>Var\u00e8se<\/strong> par <em>Pierre Boulez<\/em> est vraiment tr\u00e8s bon, d\u2019une puissance assez ph\u00e9nom\u00e9nale. Pour les 2 autres, j\u2019avoue ne pas avoir encore pris le temps de les \u00e9couter, mais chaque chose en son temps. <strong>Dionne Warwick<\/strong>, chanteuse de Soul, \u00e0 la carri\u00e8re importante, peut-\u00eatre dans une p\u00e9riode plus disco sur cet album, au visu de la photo de pochette. Et <strong>Jorge Ben<\/strong>, peut-\u00eatre que le titre <strong>Pais Tropical<\/strong> peut \u00e9voquer quelques souvenirs.<\/p>\n<\/div>\n\n\n\n<div class=\"wp-block-column is-layout-flow wp-block-column-is-layout-flow\">\n<figure class=\"wp-block-image size-large\"><a href=\"http:\/\/sardequin.jalbum.net\/Vinyles\/slides\/Ressourcerie_Disquaire_1-06-21.png\" target=\"_blank\" rel=\"noopener\"><img decoding=\"async\" src=\"http:\/\/sardequin.jalbum.net\/Vinyles\/slides\/Ressourcerie_Disquaire_1-06-21.png\" alt=\"\"\/><\/a><\/figure>\n\n\n\n<p>Je suis \u00e9galement pass\u00e9 \u00e0 ma Ressourcerie, h\u00e9las, depuis la reprise post-confinement, pas de nouveaux vinyles dans les bacs. Alors, histoire de ne pas rentrer bredouille, une r\u00e9colte de CD Audio ma foi plut\u00f4t s\u00e9duisante. Un petit clic sur les images pour en voir les d\u00e9tails. Et puis ensuite, retour sur Aix en Provence, chez mon disquaire, pour ce <strong>sublime<\/strong> album de Jazz \u00c9thiopien de <strong>Mulatu Astatke<\/strong> et un album de Fran\u00e7ois Rabbath, violoncelliste ! Cadeau de mon disquaire. Album sympathique, mais particulier. \u00c9coute \u00e0 approfondir. \u00c0 noter les 2 <strong>Jimi Hendrix<\/strong> en CD, dont un live \u00e0 Woodstock assez g\u00e9nial. Et pour finir\u2026 Passage \u00e0 Emma\u00fcs. Inutile de pr\u00e9senter, <strong>Dylan<\/strong> coffret de 5 LP manquant \u00e0 ma collection, r\u00e9paration ce jour, et 2 albums du <strong>Gun Club<\/strong>.<\/p>\n\n\n\n<figure class=\"wp-block-image size-large\"><a href=\"http:\/\/sardequin.jalbum.net\/Vinyles\/slides\/Emmaus_03_06_21.png\" target=\"_blank\" rel=\"noopener\"><img decoding=\"async\" src=\"http:\/\/sardequin.jalbum.net\/Vinyles\/slides\/Emmaus_03_06_21.png\" alt=\"\"\/><\/a><\/figure>\n<\/div>\n<\/div>\n\n\n\n<p><\/p>\n","protected":false},"excerpt":{"rendered":"<p>Des CD audio, des vinyles. Avant la prochaine vid\u00e9o sur mes acquisitions de vinyle, un<\/p>\n","protected":false},"author":5,"featured_media":2855,"comment_status":"open","ping_status":"open","sticky":false,"template":"","format":"standard","meta":{"_jetpack_memberships_contains_paid_content":false,"footnotes":"","jetpack_publicize_message":"","jetpack_publicize_feature_enabled":true,"jetpack_social_post_already_shared":true,"jetpack_social_options":{"image_generator_settings":{"template":"highway","default_image_id":0,"font":"","enabled":false},"version":2}},"categories":[124,654,68,122,125,16,62],"tags":[22,150,20,223,19],"class_list":["post-12520","post","type-post","status-publish","format-standard","has-post-thumbnail","hentry","category-blues-jazz","category-cdaudio","category-musique","category-rock","category-roots-reggae-world-et-autres","category-sur-ma-platine","category-vinyles","tag-bob-dylan","tag-cd-audio","tag-musique","tag-the-gun-club","tag-vinyles"],"jetpack_publicize_connections":[],"jetpack_featured_media_url":"https:\/\/joseph-isola.info\/Sardequin\/wp-content\/uploads\/2015\/07\/bacs-vinyles1.jpg","jetpack_likes_enabled":true,"jetpack_sharing_enabled":true,"_links":{"self":[{"href":"https:\/\/joseph-isola.info\/Sardequin\/wp-json\/wp\/v2\/posts\/12520","targetHints":{"allow":["GET"]}}],"collection":[{"href":"https:\/\/joseph-isola.info\/Sardequin\/wp-json\/wp\/v2\/posts"}],"about":[{"href":"https:\/\/joseph-isola.info\/Sardequin\/wp-json\/wp\/v2\/types\/post"}],"author":[{"embeddable":true,"href":"https:\/\/joseph-isola.info\/Sardequin\/wp-json\/wp\/v2\/users\/5"}],"replies":[{"embeddable":true,"href":"https:\/\/joseph-isola.info\/Sardequin\/wp-json\/wp\/v2\/comments?post=12520"}],"version-history":[{"count":0,"href":"https:\/\/joseph-isola.info\/Sardequin\/wp-json\/wp\/v2\/posts\/12520\/revisions"}],"wp:featuredmedia":[{"embeddable":true,"href":"https:\/\/joseph-isola.info\/Sardequin\/wp-json\/wp\/v2\/media\/2855"}],"wp:attachment":[{"href":"https:\/\/joseph-isola.info\/Sardequin\/wp-json\/wp\/v2\/media?parent=12520"}],"wp:term":[{"taxonomy":"category","embeddable":true,"href":"https:\/\/joseph-isola.info\/Sardequin\/wp-json\/wp\/v2\/categories?post=12520"},{"taxonomy":"post_tag","embeddable":true,"href":"https:\/\/joseph-isola.info\/Sardequin\/wp-json\/wp\/v2\/tags?post=12520"}],"curies":[{"name":"wp","href":"https:\/\/api.w.org\/{rel}","templated":true}]}}