{"id":13162,"date":"2022-07-27T13:54:14","date_gmt":"2022-07-27T11:54:14","guid":{"rendered":"https:\/\/joseph-isola.info\/Sardequin\/?p=13162"},"modified":"2022-07-27T13:54:21","modified_gmt":"2022-07-27T11:54:21","slug":"un-bug-avec-les-commentaires","status":"publish","type":"post","link":"https:\/\/joseph-isola.info\/Sardequin\/un-bug-avec-les-commentaires\/","title":{"rendered":"Un bug avec les commentaires"},"content":{"rendered":"\n<p>Bon, j&rsquo;ai \u00e9t\u00e9 averti par un ami que depuis quelques temps, il n&rsquo;arrivait plus \u00e0 commenter mes billets. J&rsquo;ai fait quelques tests et il semble que le probl\u00e8me soit al\u00e9atoire. Bref, pour le moment, difficile d&rsquo;en trouver la cause. Je vous passe les d\u00e9tails sur les tests que j&rsquo;ai effectu\u00e9, parfois les commentaire sont possibles et parfois \u00e7a ne fonctionne plus avec un message d&rsquo;erreur \u00e0 la place de l&#8217;emplacement pour \u00e9crire les commentaires. Probl\u00e8me avec une extension, la derni\u00e8re mise \u00e0 jour de WordPress, le Th\u00e8me utilis\u00e9, je ne sais pas encore. Alors si jamais, tentez un commentaire sous ce billet et on verra si \u00e7a marche. Bon, en m\u00eame temps, si \u00e7a ne fonctionne pas \u00e7a va \u00eatre compliqu\u00e9 pour me le faire savoir ! Bon courage \u00e0 vous (et \u00e0 moi). Soyons zen.<\/p>\n","protected":false},"excerpt":{"rendered":"<p>Bon, j&rsquo;ai \u00e9t\u00e9 averti par un ami que depuis quelques temps, il n&rsquo;arrivait plus \u00e0<\/p>\n","protected":false},"author":5,"featured_media":13163,"comment_status":"open","ping_status":"open","sticky":false,"template":"","format":"standard","meta":{"_jetpack_memberships_contains_paid_content":false,"footnotes":"","jetpack_publicize_message":"","jetpack_publicize_feature_enabled":true,"jetpack_social_post_already_shared":true,"jetpack_social_options":{"image_generator_settings":{"template":"highway","default_image_id":0,"font":"","enabled":false},"version":2}},"categories":[1],"tags":[25],"class_list":["post-13162","post","type-post","status-publish","format-standard","has-post-thumbnail","hentry","category-jour-en-jours","tag-blabla"],"jetpack_publicize_connections":[],"jetpack_featured_media_url":"https:\/\/joseph-isola.info\/Sardequin\/wp-content\/uploads\/2022\/07\/pexels-photo-747964.jpeg","jetpack_likes_enabled":true,"jetpack_sharing_enabled":true,"_links":{"self":[{"href":"https:\/\/joseph-isola.info\/Sardequin\/wp-json\/wp\/v2\/posts\/13162","targetHints":{"allow":["GET"]}}],"collection":[{"href":"https:\/\/joseph-isola.info\/Sardequin\/wp-json\/wp\/v2\/posts"}],"about":[{"href":"https:\/\/joseph-isola.info\/Sardequin\/wp-json\/wp\/v2\/types\/post"}],"author":[{"embeddable":true,"href":"https:\/\/joseph-isola.info\/Sardequin\/wp-json\/wp\/v2\/users\/5"}],"replies":[{"embeddable":true,"href":"https:\/\/joseph-isola.info\/Sardequin\/wp-json\/wp\/v2\/comments?post=13162"}],"version-history":[{"count":0,"href":"https:\/\/joseph-isola.info\/Sardequin\/wp-json\/wp\/v2\/posts\/13162\/revisions"}],"wp:featuredmedia":[{"embeddable":true,"href":"https:\/\/joseph-isola.info\/Sardequin\/wp-json\/wp\/v2\/media\/13163"}],"wp:attachment":[{"href":"https:\/\/joseph-isola.info\/Sardequin\/wp-json\/wp\/v2\/media?parent=13162"}],"wp:term":[{"taxonomy":"category","embeddable":true,"href":"https:\/\/joseph-isola.info\/Sardequin\/wp-json\/wp\/v2\/categories?post=13162"},{"taxonomy":"post_tag","embeddable":true,"href":"https:\/\/joseph-isola.info\/Sardequin\/wp-json\/wp\/v2\/tags?post=13162"}],"curies":[{"name":"wp","href":"https:\/\/api.w.org\/{rel}","templated":true}]}}