{"id":13320,"date":"2022-11-06T17:09:38","date_gmt":"2022-11-06T16:09:38","guid":{"rendered":"https:\/\/joseph-isola.info\/Sardequin\/?p=13320"},"modified":"2022-11-06T17:09:45","modified_gmt":"2022-11-06T16:09:45","slug":"recolte-vinyles-et-matin-frisquet","status":"publish","type":"post","link":"https:\/\/joseph-isola.info\/Sardequin\/recolte-vinyles-et-matin-frisquet\/","title":{"rendered":"R\u00e9colte vinyles et matin frisquet."},"content":{"rendered":"\n<p>\u00c7a faisait une \u00e9ternit\u00e9 que je n&rsquo;avais pas fait un vide-greniers avec les mains froides et les pieds presque gel\u00e9s. Mais voil\u00e0 les temp\u00e9ratures sont enfin de saison avec un petit 4\u00b0 ce matin alors qu&rsquo;il y a une semaine, \u00e7a fr\u00f4lait les 20\u00b0 \u00e0 10h. En revanche, depuis un bon mois, les vide-greniers sont d\u00e9primants, avec des r\u00e9coltes sans grand \u00e9clat, et m\u00eame des retours bredouille. Et ce matin, heureusement que l&rsquo;ami Christophe crois\u00e9 dans les all\u00e9es (et tout aussi d\u00e9pit\u00e9 que moi) avait quelques bacs de vinyles dans le coffre de sa voiture. Et puis apr\u00e8s le petit marchandage au pied de la voiture, j&rsquo;ai fait un tour sur le Cours Mirabeau (Aix en Provence) pour aller fouiller les bacs du disquaire (voir mon billet \u00e9pingl\u00e9 en haut de ce blog mis \u00e0 jour en mai 2022). Bref, apr\u00e8s ce petit encart pour voir ou trouver des vinyles \u00e0 Aix en Provence, la photo de la r\u00e9colte de ce matin.<\/p>\n\n\n\n<figure class=\"wp-block-embed is-type-wp-embed is-provider-le-blog-notes wp-block-embed-le-blog-notes\"><div class=\"wp-block-embed__wrapper\">\n<blockquote class=\"wp-embedded-content\" data-secret=\"yHCGOTV4hh\"><a href=\"https:\/\/joseph-isola.info\/Sardequin\/vinyles-a-aix-en-provence\/\">Vinyles \u00e0 Aix en Provence !<\/a><\/blockquote><iframe loading=\"lazy\" class=\"wp-embedded-content\" sandbox=\"allow-scripts\" security=\"restricted\" style=\"position: absolute; clip: rect(1px, 1px, 1px, 1px);\" title=\"\u00ab\u00a0Vinyles \u00e0 Aix en Provence !\u00a0\u00bb &#8212; LE BLOG NOTES\" src=\"https:\/\/joseph-isola.info\/Sardequin\/vinyles-a-aix-en-provence\/embed\/#?secret=hzRfIUl9hx#?secret=yHCGOTV4hh\" data-secret=\"yHCGOTV4hh\" width=\"600\" height=\"338\" frameborder=\"0\" marginwidth=\"0\" marginheight=\"0\" scrolling=\"no\"><\/iframe>\n<\/div><\/figure>\n\n\n\n<p>Les Deux vinyles de la rang\u00e9e du haut, chez le disquaire du Cours, et les 4 autres dans le coffre de la voiture de Christophe.<\/p>\n\n\n\n<figure class=\"wp-block-image size-full wp-duotone-000000-ffffff-1\"><a href=\"https:\/\/joseph-isola.info\/Sardequin\/wp-content\/uploads\/2022\/11\/recolte_6_nov_22.jpg\" target=\"_blank\" rel=\"noreferrer noopener\"><img loading=\"lazy\" decoding=\"async\" width=\"920\" height=\"836\" src=\"https:\/\/joseph-isola.info\/Sardequin\/wp-content\/uploads\/2022\/11\/recolte_6_nov_22.jpg\" alt=\"\" class=\"wp-image-13321\" srcset=\"https:\/\/joseph-isola.info\/Sardequin\/wp-content\/uploads\/2022\/11\/recolte_6_nov_22.jpg 920w, https:\/\/joseph-isola.info\/Sardequin\/wp-content\/uploads\/2022\/11\/recolte_6_nov_22-600x545.jpg 600w\" sizes=\"auto, (max-width: 920px) 100vw, 920px\" \/><\/a><figcaption class=\"wp-element-caption\"><strong>Un clic sur la photo pour la voir en plus grand et avec des couleurs fid\u00e8les.<\/strong><\/figcaption><\/figure>\n","protected":false},"excerpt":{"rendered":"<p>\u00c7a faisait une \u00e9ternit\u00e9 que je n&rsquo;avais pas fait un vide-greniers avec les mains froides<\/p>\n","protected":false},"author":5,"featured_media":13321,"comment_status":"open","ping_status":"open","sticky":false,"template":"","format":"standard","meta":{"_jetpack_memberships_contains_paid_content":false,"footnotes":"","jetpack_publicize_message":"","jetpack_publicize_feature_enabled":true,"jetpack_social_post_already_shared":true,"jetpack_social_options":{"image_generator_settings":{"template":"highway","default_image_id":0,"font":"","enabled":false},"version":2}},"categories":[124,280,68,122,62],"tags":[268,260,20,234,55,19],"class_list":["post-13320","post","type-post","status-publish","format-standard","has-post-thumbnail","hentry","category-blues-jazz","category-electro","category-musique","category-rock","category-vinyles","tag-electronique","tag-jazz","tag-musique","tag-rock","tag-vide-greniers","tag-vinyles"],"jetpack_publicize_connections":[],"jetpack_featured_media_url":"https:\/\/joseph-isola.info\/Sardequin\/wp-content\/uploads\/2022\/11\/recolte_6_nov_22.jpg","jetpack_likes_enabled":true,"jetpack_sharing_enabled":true,"_links":{"self":[{"href":"https:\/\/joseph-isola.info\/Sardequin\/wp-json\/wp\/v2\/posts\/13320","targetHints":{"allow":["GET"]}}],"collection":[{"href":"https:\/\/joseph-isola.info\/Sardequin\/wp-json\/wp\/v2\/posts"}],"about":[{"href":"https:\/\/joseph-isola.info\/Sardequin\/wp-json\/wp\/v2\/types\/post"}],"author":[{"embeddable":true,"href":"https:\/\/joseph-isola.info\/Sardequin\/wp-json\/wp\/v2\/users\/5"}],"replies":[{"embeddable":true,"href":"https:\/\/joseph-isola.info\/Sardequin\/wp-json\/wp\/v2\/comments?post=13320"}],"version-history":[{"count":0,"href":"https:\/\/joseph-isola.info\/Sardequin\/wp-json\/wp\/v2\/posts\/13320\/revisions"}],"wp:featuredmedia":[{"embeddable":true,"href":"https:\/\/joseph-isola.info\/Sardequin\/wp-json\/wp\/v2\/media\/13321"}],"wp:attachment":[{"href":"https:\/\/joseph-isola.info\/Sardequin\/wp-json\/wp\/v2\/media?parent=13320"}],"wp:term":[{"taxonomy":"category","embeddable":true,"href":"https:\/\/joseph-isola.info\/Sardequin\/wp-json\/wp\/v2\/categories?post=13320"},{"taxonomy":"post_tag","embeddable":true,"href":"https:\/\/joseph-isola.info\/Sardequin\/wp-json\/wp\/v2\/tags?post=13320"}],"curies":[{"name":"wp","href":"https:\/\/api.w.org\/{rel}","templated":true}]}}