{"id":13751,"date":"2023-08-03T20:06:56","date_gmt":"2023-08-03T18:06:56","guid":{"rendered":"https:\/\/joseph-isola.info\/Sardequin\/?p=13751"},"modified":"2023-08-03T20:06:59","modified_gmt":"2023-08-03T18:06:59","slug":"des-albums-dans-la-valise-pour-les-vacances","status":"publish","type":"post","link":"https:\/\/joseph-isola.info\/Sardequin\/des-albums-dans-la-valise-pour-les-vacances\/","title":{"rendered":"Des albums dans la valise pour les vacances"},"content":{"rendered":"\n<p>Juste une pr\u00e9cision, je ne pars pas en vacances, mais si je devais partir, il y aurait forc\u00e9ment quelques CD dans la valise. Juste pour chiller tranquillement, sans prise de t\u00eate.<\/p>\n\n\n\n<figure class=\"wp-block-embed aligncenter is-type-video is-provider-youtube wp-block-embed-youtube wp-embed-aspect-16-9 wp-has-aspect-ratio\"><div class=\"wp-block-embed__wrapper\">\n<iframe loading=\"lazy\" title=\"Des albums dans la valise, pour buller en vacances.\" width=\"640\" height=\"360\" src=\"https:\/\/www.youtube.com\/embed\/wZRqrRj3ZGI?feature=oembed\" frameborder=\"0\" allow=\"accelerometer; autoplay; clipboard-write; encrypted-media; gyroscope; picture-in-picture; web-share\" referrerpolicy=\"strict-origin-when-cross-origin\" allowfullscreen><\/iframe>\n<\/div><\/figure>\n\n\n\n<p>Et j&rsquo;ai m\u00eame concocter une playlist.<\/p>\n\n\n\n<figure class=\"wp-block-embed aligncenter is-type-video is-provider-youtube wp-block-embed-youtube wp-embed-aspect-16-9 wp-has-aspect-ratio\"><div class=\"wp-block-embed__wrapper\">\n<iframe loading=\"lazy\" title=\"Les albums pour partir en vacances\" width=\"640\" height=\"360\" src=\"https:\/\/www.youtube.com\/embed\/videoseries?list=PLuZf9PYgQxedjmXq_Ql8KdkqY0lyv_YiE\" frameborder=\"0\" allow=\"accelerometer; autoplay; clipboard-write; encrypted-media; gyroscope; picture-in-picture; web-share\" referrerpolicy=\"strict-origin-when-cross-origin\" allowfullscreen><\/iframe>\n<\/div><\/figure>\n","protected":false},"excerpt":{"rendered":"<p>Juste une pr\u00e9cision, je ne pars pas en vacances, mais si je devais partir, il<\/p>\n","protected":false},"author":5,"featured_media":13752,"comment_status":"open","ping_status":"open","sticky":false,"template":"","format":"standard","meta":{"_jetpack_memberships_contains_paid_content":false,"footnotes":"","jetpack_publicize_message":"","jetpack_publicize_feature_enabled":true,"jetpack_social_post_already_shared":true,"jetpack_social_options":{"image_generator_settings":{"template":"highway","default_image_id":0,"font":"","enabled":false},"version":2}},"categories":[124,654,126,280,68,122,125,16,17],"tags":[150,20,84],"class_list":["post-13751","post","type-post","status-publish","format-standard","has-post-thumbnail","hentry","category-blues-jazz","category-cdaudio","category-chanson","category-electro","category-musique","category-rock","category-roots-reggae-world-et-autres","category-sur-ma-platine","category-video","tag-cd-audio","tag-musique","tag-sur-ma-platine"],"jetpack_publicize_connections":[],"jetpack_featured_media_url":"https:\/\/joseph-isola.info\/Sardequin\/wp-content\/uploads\/2023\/08\/Des-albums-pour-les-vacances.jpg","jetpack_likes_enabled":true,"jetpack_sharing_enabled":true,"_links":{"self":[{"href":"https:\/\/joseph-isola.info\/Sardequin\/wp-json\/wp\/v2\/posts\/13751","targetHints":{"allow":["GET"]}}],"collection":[{"href":"https:\/\/joseph-isola.info\/Sardequin\/wp-json\/wp\/v2\/posts"}],"about":[{"href":"https:\/\/joseph-isola.info\/Sardequin\/wp-json\/wp\/v2\/types\/post"}],"author":[{"embeddable":true,"href":"https:\/\/joseph-isola.info\/Sardequin\/wp-json\/wp\/v2\/users\/5"}],"replies":[{"embeddable":true,"href":"https:\/\/joseph-isola.info\/Sardequin\/wp-json\/wp\/v2\/comments?post=13751"}],"version-history":[{"count":0,"href":"https:\/\/joseph-isola.info\/Sardequin\/wp-json\/wp\/v2\/posts\/13751\/revisions"}],"wp:featuredmedia":[{"embeddable":true,"href":"https:\/\/joseph-isola.info\/Sardequin\/wp-json\/wp\/v2\/media\/13752"}],"wp:attachment":[{"href":"https:\/\/joseph-isola.info\/Sardequin\/wp-json\/wp\/v2\/media?parent=13751"}],"wp:term":[{"taxonomy":"category","embeddable":true,"href":"https:\/\/joseph-isola.info\/Sardequin\/wp-json\/wp\/v2\/categories?post=13751"},{"taxonomy":"post_tag","embeddable":true,"href":"https:\/\/joseph-isola.info\/Sardequin\/wp-json\/wp\/v2\/tags?post=13751"}],"curies":[{"name":"wp","href":"https:\/\/api.w.org\/{rel}","templated":true}]}}