{"id":13971,"date":"2024-01-13T14:34:19","date_gmt":"2024-01-13T13:34:19","guid":{"rendered":"https:\/\/joseph-isola.info\/Sardequin\/?p=13971"},"modified":"2024-01-13T14:34:23","modified_gmt":"2024-01-13T13:34:23","slug":"le-rituel-des-soldes-fnac-hiver-2024","status":"publish","type":"post","link":"https:\/\/joseph-isola.info\/Sardequin\/le-rituel-des-soldes-fnac-hiver-2024\/","title":{"rendered":"Le rituel des soldes Fnac, hiver 2024."},"content":{"rendered":"\n<p>Comme chaque d\u00e9but d&rsquo;ann\u00e9e, les soldes de la F\u00c9D\u00c9RATION NATIONALE DES ACHETEURS COMPULSIFS d\u00e9barque, et c&rsquo;est h\u00e9las triste \u00e0 avouer, je ne r\u00e9siste pas. Cette ann\u00e9e, entre le site de la Fnac et le magasin d&rsquo;Aix, je me suis un peu l\u00e2ch\u00e9.<\/p>\n\n\n\n<figure class=\"wp-block-embed is-type-video is-provider-youtube wp-block-embed-youtube wp-embed-aspect-16-9 wp-has-aspect-ratio\"><div class=\"wp-block-embed__wrapper\">\n<iframe loading=\"lazy\" title=\"Soldes d&#039;hiver Fnuc 2024 #soldes #fnac\" width=\"640\" height=\"360\" src=\"https:\/\/www.youtube.com\/embed\/u75f9A4M9IA?feature=oembed\" frameborder=\"0\" allow=\"accelerometer; autoplay; clipboard-write; encrypted-media; gyroscope; picture-in-picture; web-share\" referrerpolicy=\"strict-origin-when-cross-origin\" allowfullscreen><\/iframe>\n<\/div><\/figure>\n","protected":false},"excerpt":{"rendered":"<p>Comme chaque d\u00e9but d&rsquo;ann\u00e9e, les soldes de la F\u00c9D\u00c9RATION NATIONALE DES ACHETEURS COMPULSIFS d\u00e9barque, et<\/p>\n","protected":false},"author":5,"featured_media":13972,"comment_status":"open","ping_status":"open","sticky":false,"template":"","format":"standard","meta":{"_jetpack_memberships_contains_paid_content":false,"footnotes":"","jetpack_publicize_message":"","jetpack_publicize_feature_enabled":true,"jetpack_social_post_already_shared":true,"jetpack_social_options":{"image_generator_settings":{"template":"highway","default_image_id":0,"font":"","enabled":false},"version":2}},"categories":[124,654,409,68,122,16,17,62],"tags":[150,84,67,19],"class_list":["post-13971","post","type-post","status-publish","format-standard","has-post-thumbnail","hentry","category-blues-jazz","category-cdaudio","category-experimentales","category-musique","category-rock","category-sur-ma-platine","category-video","category-vinyles","tag-cd-audio","tag-sur-ma-platine","tag-video","tag-vinyles"],"jetpack_publicize_connections":[],"jetpack_featured_media_url":"https:\/\/joseph-isola.info\/Sardequin\/wp-content\/uploads\/2024\/01\/Fnuc-2024.jpeg","jetpack_likes_enabled":true,"jetpack_sharing_enabled":true,"_links":{"self":[{"href":"https:\/\/joseph-isola.info\/Sardequin\/wp-json\/wp\/v2\/posts\/13971","targetHints":{"allow":["GET"]}}],"collection":[{"href":"https:\/\/joseph-isola.info\/Sardequin\/wp-json\/wp\/v2\/posts"}],"about":[{"href":"https:\/\/joseph-isola.info\/Sardequin\/wp-json\/wp\/v2\/types\/post"}],"author":[{"embeddable":true,"href":"https:\/\/joseph-isola.info\/Sardequin\/wp-json\/wp\/v2\/users\/5"}],"replies":[{"embeddable":true,"href":"https:\/\/joseph-isola.info\/Sardequin\/wp-json\/wp\/v2\/comments?post=13971"}],"version-history":[{"count":0,"href":"https:\/\/joseph-isola.info\/Sardequin\/wp-json\/wp\/v2\/posts\/13971\/revisions"}],"wp:featuredmedia":[{"embeddable":true,"href":"https:\/\/joseph-isola.info\/Sardequin\/wp-json\/wp\/v2\/media\/13972"}],"wp:attachment":[{"href":"https:\/\/joseph-isola.info\/Sardequin\/wp-json\/wp\/v2\/media?parent=13971"}],"wp:term":[{"taxonomy":"category","embeddable":true,"href":"https:\/\/joseph-isola.info\/Sardequin\/wp-json\/wp\/v2\/categories?post=13971"},{"taxonomy":"post_tag","embeddable":true,"href":"https:\/\/joseph-isola.info\/Sardequin\/wp-json\/wp\/v2\/tags?post=13971"}],"curies":[{"name":"wp","href":"https:\/\/api.w.org\/{rel}","templated":true}]}}