{"id":14025,"date":"2024-04-15T10:20:39","date_gmt":"2024-04-15T08:20:39","guid":{"rendered":"https:\/\/joseph-isola.info\/Sardequin\/?p=14025"},"modified":"2024-04-15T10:20:43","modified_gmt":"2024-04-15T08:20:43","slug":"un-retour-de-vide-greniers-et-folk-tranquille-avec-jean-claude-baisse","status":"publish","type":"post","link":"https:\/\/joseph-isola.info\/Sardequin\/un-retour-de-vide-greniers-et-folk-tranquille-avec-jean-claude-baisse\/","title":{"rendered":"Un retour de vide-greniers et folk Tranquille avec Jean-Claude Ba\u00efsse."},"content":{"rendered":"\n<p>En \u00e9coute sur ma platine une des trouvailles d&rsquo;hier. Prise un peu au pif, <strong>Jean-Claude Ba\u00efsse \/ Quai de la gare<\/strong> (Label Oxyg\u00e8ne, 1981). Une folk fran\u00e7aise tranquille, agr\u00e9able \u00e0 \u00e9couter, m\u00eame si pas r\u00e9volutionnaire, un peu engag\u00e9e dans les textes mais rien de virulent non plus. J&rsquo;avais d\u00e9j\u00e0 un chouette album sur ce label (de Gilles Elbaz, entre jazz et exp\u00e9rimental). Je vous montre aussi la photo de mes trouvailles d&rsquo;hier, 2 vide-greniers et rien de bien exceptionnel. Il faut dire que j&rsquo;y suis sans doute arriv\u00e9 un peu tard, bien \u00e9videment, les l\u00e8ve-t\u00f4t ont bien fouill\u00e9 les cartons avant moi.<\/p>\n\n\n<div class=\"wp-block-image is-style-default\">\n<figure class=\"aligncenter size-full is-resized\"><img loading=\"lazy\" decoding=\"async\" width=\"998\" height=\"700\" src=\"https:\/\/joseph-isola.info\/Sardequin\/wp-content\/uploads\/2024\/04\/vide-greniers_14_04_24.jpeg\" alt=\"\" class=\"wp-image-14026\" style=\"width:725px;height:auto\" srcset=\"https:\/\/joseph-isola.info\/Sardequin\/wp-content\/uploads\/2024\/04\/vide-greniers_14_04_24.jpeg 998w, https:\/\/joseph-isola.info\/Sardequin\/wp-content\/uploads\/2024\/04\/vide-greniers_14_04_24-600x421.jpeg 600w\" sizes=\"auto, (max-width: 998px) 100vw, 998px\" \/><\/figure>\n<\/div>\n\n\n<p>Le petit CD audio c&rsquo;est une compilation de G\u00e9rard Manset. Je n&rsquo;avais que des vinyles de cet artiste et ce CD pour \u00e9couter en voiture, c&rsquo;est une tr\u00e8s bonne pioche. En revanche les deux albums de Mike Rutherford en bas, franchement, ce n&rsquo;est pas du tout ma tasse de th\u00e9, mais ils iront en \u00e9change avec mon ami Julien, disquaire de son \u00e9tat.<\/p>\n\n\n\n<figure class=\"wp-block-gallery has-nested-images columns-default is-cropped wp-block-gallery-1 is-layout-flex wp-block-gallery-is-layout-flex\">\n<figure class=\"wp-block-image size-large\"><img loading=\"lazy\" decoding=\"async\" width=\"888\" height=\"666\" data-id=\"14027\" src=\"https:\/\/joseph-isola.info\/Sardequin\/wp-content\/uploads\/2024\/04\/JC-Baisse.jpeg\" alt=\"\" class=\"wp-image-14027\" srcset=\"https:\/\/joseph-isola.info\/Sardequin\/wp-content\/uploads\/2024\/04\/JC-Baisse.jpeg 888w, https:\/\/joseph-isola.info\/Sardequin\/wp-content\/uploads\/2024\/04\/JC-Baisse-600x450.jpeg 600w, https:\/\/joseph-isola.info\/Sardequin\/wp-content\/uploads\/2024\/04\/JC-Baisse-720x540.jpeg 720w\" sizes=\"auto, (max-width: 888px) 100vw, 888px\" \/><\/figure>\n\n\n\n<figure class=\"wp-block-image size-large\"><img loading=\"lazy\" decoding=\"async\" width=\"1000\" height=\"1000\" data-id=\"14028\" src=\"https:\/\/joseph-isola.info\/Sardequin\/wp-content\/uploads\/2024\/04\/JC-Baisse.jpg\" alt=\"\" class=\"wp-image-14028\" srcset=\"https:\/\/joseph-isola.info\/Sardequin\/wp-content\/uploads\/2024\/04\/JC-Baisse.jpg 1000w, https:\/\/joseph-isola.info\/Sardequin\/wp-content\/uploads\/2024\/04\/JC-Baisse-600x600.jpg 600w, https:\/\/joseph-isola.info\/Sardequin\/wp-content\/uploads\/2024\/04\/JC-Baisse-110x110.jpg 110w\" sizes=\"auto, (max-width: 1000px) 100vw, 1000px\" \/><\/figure>\n<\/figure>\n\n\n\n<figure class=\"wp-block-video\"><video height=\"1080\" style=\"aspect-ratio: 1920 \/ 1080;\" width=\"1920\" controls src=\"https:\/\/joseph-isola.info\/Sardequin\/wp-content\/uploads\/2024\/04\/baissejc.mov\"><\/video><\/figure>\n","protected":false},"excerpt":{"rendered":"<p>En \u00e9coute sur ma platine une des trouvailles d&rsquo;hier. Prise un peu au pif, Jean-Claude<\/p>\n","protected":false},"author":5,"featured_media":14026,"comment_status":"open","ping_status":"open","sticky":false,"template":"","format":"standard","meta":{"_jetpack_memberships_contains_paid_content":false,"footnotes":"","jetpack_publicize_message":"","jetpack_publicize_feature_enabled":true,"jetpack_social_post_already_shared":true,"jetpack_social_options":{"image_generator_settings":{"template":"highway","default_image_id":0,"font":"","enabled":false},"version":2}},"categories":[124,654,126,68,122,16,17,62],"tags":[150,20,84,55,19],"class_list":["post-14025","post","type-post","status-publish","format-standard","has-post-thumbnail","hentry","category-blues-jazz","category-cdaudio","category-chanson","category-musique","category-rock","category-sur-ma-platine","category-video","category-vinyles","tag-cd-audio","tag-musique","tag-sur-ma-platine","tag-vide-greniers","tag-vinyles"],"jetpack_publicize_connections":[],"jetpack_featured_media_url":"https:\/\/joseph-isola.info\/Sardequin\/wp-content\/uploads\/2024\/04\/vide-greniers_14_04_24.jpeg","jetpack_likes_enabled":true,"jetpack_sharing_enabled":true,"_links":{"self":[{"href":"https:\/\/joseph-isola.info\/Sardequin\/wp-json\/wp\/v2\/posts\/14025","targetHints":{"allow":["GET"]}}],"collection":[{"href":"https:\/\/joseph-isola.info\/Sardequin\/wp-json\/wp\/v2\/posts"}],"about":[{"href":"https:\/\/joseph-isola.info\/Sardequin\/wp-json\/wp\/v2\/types\/post"}],"author":[{"embeddable":true,"href":"https:\/\/joseph-isola.info\/Sardequin\/wp-json\/wp\/v2\/users\/5"}],"replies":[{"embeddable":true,"href":"https:\/\/joseph-isola.info\/Sardequin\/wp-json\/wp\/v2\/comments?post=14025"}],"version-history":[{"count":0,"href":"https:\/\/joseph-isola.info\/Sardequin\/wp-json\/wp\/v2\/posts\/14025\/revisions"}],"wp:featuredmedia":[{"embeddable":true,"href":"https:\/\/joseph-isola.info\/Sardequin\/wp-json\/wp\/v2\/media\/14026"}],"wp:attachment":[{"href":"https:\/\/joseph-isola.info\/Sardequin\/wp-json\/wp\/v2\/media?parent=14025"}],"wp:term":[{"taxonomy":"category","embeddable":true,"href":"https:\/\/joseph-isola.info\/Sardequin\/wp-json\/wp\/v2\/categories?post=14025"},{"taxonomy":"post_tag","embeddable":true,"href":"https:\/\/joseph-isola.info\/Sardequin\/wp-json\/wp\/v2\/tags?post=14025"}],"curies":[{"name":"wp","href":"https:\/\/api.w.org\/{rel}","templated":true}]}}