{"id":14073,"date":"2024-06-02T17:13:11","date_gmt":"2024-06-02T15:13:11","guid":{"rendered":"https:\/\/joseph-isola.info\/Sardequin\/?p=14073"},"modified":"2024-06-02T17:13:57","modified_gmt":"2024-06-02T15:13:57","slug":"des-vinyles-en-vide-greniers-un-panier-de-legumes-et-un-bon-petit-plat-maison","status":"publish","type":"post","link":"https:\/\/joseph-isola.info\/Sardequin\/des-vinyles-en-vide-greniers-un-panier-de-legumes-et-un-bon-petit-plat-maison\/","title":{"rendered":"Des Vinyles en vide-greniers, un panier de l\u00e9gumes et un bon petit plat maison"},"content":{"rendered":"\n<h2 class=\"wp-block-heading has-text-align-center has-small-font-size\">Plus un GPS qui vous fait passer par des routes aux noms qui sentent bons &#x1f61c;<\/h2>\n\n\n\n<div class=\"wp-block-media-text is-stacked-on-mobile\"><figure class=\"wp-block-media-text__media\"><a href=\"https:\/\/joseph-isola.info\/Sardequin\/wp-content\/uploads\/2024\/06\/IMG_0242.png\" target=\"_blank\" rel=\"noreferrer noopener\"><img loading=\"lazy\" decoding=\"async\" width=\"976\" height=\"450\" src=\"https:\/\/joseph-isola.info\/Sardequin\/wp-content\/uploads\/2024\/06\/IMG_0242.png\" alt=\"Route des Crottes\" class=\"wp-image-14074 size-full\" srcset=\"https:\/\/joseph-isola.info\/Sardequin\/wp-content\/uploads\/2024\/06\/IMG_0242.png 976w, https:\/\/joseph-isola.info\/Sardequin\/wp-content\/uploads\/2024\/06\/IMG_0242-600x277.png 600w\" sizes=\"auto, (max-width: 976px) 100vw, 976px\" \/><\/a><\/figure><div class=\"wp-block-media-text__content\">\n<p>5 vide-greniers ce dimanche matin, 2 tr\u00e8s m\u00e9diocres et m\u00eame aucuns vinyles. Et puis un GPS sympa, j&rsquo;ai h\u00e9sit\u00e9 \u00e0 prendre cette route ! <\/p>\n<\/div><\/div>\n\n\n\n<p>En bref, une r\u00e9colte somme toute assez sympathique ce matin, des prix raisonnables (les plus chers, le Neil Young et le Markusfeld pour 10\u20ac pi\u00e8ce, les autre entre 1\u20ac et 5\u20ac. Le dernier vide-greniers fait au pas de course, devant repartir sur Marseille pour aller chercher ma fille (le Neil Young et le Markusfel trouv\u00e9s sur ce vide-greniers).<\/p>\n\n\n\n<figure class=\"wp-block-gallery has-nested-images columns-default is-cropped wp-block-gallery-1 is-layout-flex wp-block-gallery-is-layout-flex\">\n<figure class=\"wp-block-image size-large\"><a href=\"https:\/\/joseph-isola.info\/Sardequin\/wp-content\/uploads\/2024\/06\/vide-greniers-1.jpeg\" target=\"_blank\" rel=\"noreferrer noopener\"><img loading=\"lazy\" decoding=\"async\" width=\"916\" height=\"622\" data-id=\"14076\" src=\"https:\/\/joseph-isola.info\/Sardequin\/wp-content\/uploads\/2024\/06\/vide-greniers-1.jpeg\" alt=\"\" class=\"wp-image-14076\" srcset=\"https:\/\/joseph-isola.info\/Sardequin\/wp-content\/uploads\/2024\/06\/vide-greniers-1.jpeg 916w, https:\/\/joseph-isola.info\/Sardequin\/wp-content\/uploads\/2024\/06\/vide-greniers-1-600x407.jpeg 600w\" sizes=\"auto, (max-width: 916px) 100vw, 916px\" \/><\/a><\/figure>\n\n\n\n<figure class=\"wp-block-image size-large\"><a href=\"https:\/\/joseph-isola.info\/Sardequin\/wp-content\/uploads\/2024\/06\/vide-greniers-2.jpeg\" target=\"_blank\" rel=\"noreferrer noopener\"><img loading=\"lazy\" decoding=\"async\" width=\"1000\" height=\"982\" data-id=\"14075\" src=\"https:\/\/joseph-isola.info\/Sardequin\/wp-content\/uploads\/2024\/06\/vide-greniers-2.jpeg\" alt=\"\" class=\"wp-image-14075\" srcset=\"https:\/\/joseph-isola.info\/Sardequin\/wp-content\/uploads\/2024\/06\/vide-greniers-2.jpeg 1000w, https:\/\/joseph-isola.info\/Sardequin\/wp-content\/uploads\/2024\/06\/vide-greniers-2-600x589.jpeg 600w\" sizes=\"auto, (max-width: 1000px) 100vw, 1000px\" \/><\/a><\/figure>\n<\/figure>\n\n\n\n<div class=\"wp-block-media-text has-media-on-the-right is-stacked-on-mobile\"><div class=\"wp-block-media-text__content\">\n<p>Au retour de Marseille, arr\u00eat chez un primeur pour aller r\u00e9cup\u00e9rer, gr\u00e2ce \u00e0 l&rsquo;application \u00ab\u00a0To good to go\u00a0\u00bb un panier de fruits et l\u00e9gumes qui auraient \u00e9t\u00e9 destin\u00e9s aux d\u00e9chets. 6,99\u20ac au lieu de 20, pas mal.<\/p>\n<\/div><figure class=\"wp-block-media-text__media\"><a href=\"https:\/\/joseph-isola.info\/Sardequin\/wp-content\/uploads\/2024\/06\/IMG_0243-Grande.jpeg\" target=\"_blank\" rel=\"noreferrer noopener\"><img loading=\"lazy\" decoding=\"async\" width=\"939\" height=\"600\" src=\"https:\/\/joseph-isola.info\/Sardequin\/wp-content\/uploads\/2024\/06\/IMG_0243-Grande.jpeg\" alt=\"\" class=\"wp-image-14078 size-full\" srcset=\"https:\/\/joseph-isola.info\/Sardequin\/wp-content\/uploads\/2024\/06\/IMG_0243-Grande.jpeg 939w, https:\/\/joseph-isola.info\/Sardequin\/wp-content\/uploads\/2024\/06\/IMG_0243-Grande-600x383.jpeg 600w\" sizes=\"auto, (max-width: 939px) 100vw, 939px\" \/><\/a><\/figure><\/div>\n\n\n\n<div class=\"wp-block-media-text is-stacked-on-mobile\"><figure class=\"wp-block-media-text__media\"><a href=\"https:\/\/joseph-isola.info\/Sardequin\/wp-content\/uploads\/2024\/06\/Miam.jpeg\" target=\"_blank\" rel=\"noreferrer noopener\"><img loading=\"lazy\" decoding=\"async\" width=\"800\" height=\"709\" src=\"https:\/\/joseph-isola.info\/Sardequin\/wp-content\/uploads\/2024\/06\/Miam.jpeg\" alt=\"\" class=\"wp-image-14079 size-full\" srcset=\"https:\/\/joseph-isola.info\/Sardequin\/wp-content\/uploads\/2024\/06\/Miam.jpeg 800w, https:\/\/joseph-isola.info\/Sardequin\/wp-content\/uploads\/2024\/06\/Miam-600x532.jpeg 600w\" sizes=\"auto, (max-width: 800px) 100vw, 800px\" \/><\/a><\/figure><div class=\"wp-block-media-text__content\">\n<p>Et puis apr\u00e8s l&rsquo;effort, le r\u00e9confort, Marion (ma fille) nous pr\u00e9pare un petit repas d\u00e9licieux : Salade roquette, poivrons grill\u00e9s, Ricotta et Focaccia et un petit filet d&rsquo;huile d&rsquo;olive.<br \/>L&rsquo;orage vient de gronder, la pluie est tomb\u00e9e fort \u00e0 Aix en Provence au moment d&rsquo;\u00e9crire ce billet.<\/p>\n<\/div><\/div>\n","protected":false},"excerpt":{"rendered":"<p>Plus un GPS qui vous fait passer par des routes aux noms qui sentent bons<\/p>\n","protected":false},"author":5,"featured_media":14079,"comment_status":"open","ping_status":"open","sticky":false,"template":"","format":"standard","meta":{"_jetpack_memberships_contains_paid_content":false,"footnotes":"","jetpack_publicize_message":"","jetpack_publicize_feature_enabled":true,"jetpack_social_post_already_shared":true,"jetpack_social_options":{"image_generator_settings":{"template":"highway","default_image_id":0,"font":"","enabled":false},"version":2}},"categories":[124,126,123,1,68,122,125,16,62],"tags":[20,23,55,19],"class_list":["post-14073","post","type-post","status-publish","format-standard","has-post-thumbnail","hentry","category-blues-jazz","category-chanson","category-classique","category-jour-en-jours","category-musique","category-rock","category-roots-reggae-world-et-autres","category-sur-ma-platine","category-vinyles","tag-musique","tag-photographies","tag-vide-greniers","tag-vinyles"],"jetpack_publicize_connections":[],"jetpack_featured_media_url":"https:\/\/joseph-isola.info\/Sardequin\/wp-content\/uploads\/2024\/06\/Miam.jpeg","jetpack_likes_enabled":true,"jetpack_sharing_enabled":true,"_links":{"self":[{"href":"https:\/\/joseph-isola.info\/Sardequin\/wp-json\/wp\/v2\/posts\/14073","targetHints":{"allow":["GET"]}}],"collection":[{"href":"https:\/\/joseph-isola.info\/Sardequin\/wp-json\/wp\/v2\/posts"}],"about":[{"href":"https:\/\/joseph-isola.info\/Sardequin\/wp-json\/wp\/v2\/types\/post"}],"author":[{"embeddable":true,"href":"https:\/\/joseph-isola.info\/Sardequin\/wp-json\/wp\/v2\/users\/5"}],"replies":[{"embeddable":true,"href":"https:\/\/joseph-isola.info\/Sardequin\/wp-json\/wp\/v2\/comments?post=14073"}],"version-history":[{"count":0,"href":"https:\/\/joseph-isola.info\/Sardequin\/wp-json\/wp\/v2\/posts\/14073\/revisions"}],"wp:featuredmedia":[{"embeddable":true,"href":"https:\/\/joseph-isola.info\/Sardequin\/wp-json\/wp\/v2\/media\/14079"}],"wp:attachment":[{"href":"https:\/\/joseph-isola.info\/Sardequin\/wp-json\/wp\/v2\/media?parent=14073"}],"wp:term":[{"taxonomy":"category","embeddable":true,"href":"https:\/\/joseph-isola.info\/Sardequin\/wp-json\/wp\/v2\/categories?post=14073"},{"taxonomy":"post_tag","embeddable":true,"href":"https:\/\/joseph-isola.info\/Sardequin\/wp-json\/wp\/v2\/tags?post=14073"}],"curies":[{"name":"wp","href":"https:\/\/api.w.org\/{rel}","templated":true}]}}