{"id":14117,"date":"2024-07-16T16:26:47","date_gmt":"2024-07-16T14:26:47","guid":{"rendered":"https:\/\/joseph-isola.info\/Sardequin\/?p=14117"},"modified":"2024-07-16T16:26:53","modified_gmt":"2024-07-16T14:26:53","slug":"emmanuel-booz-au-restaurant-dalice","status":"publish","type":"post","link":"https:\/\/joseph-isola.info\/Sardequin\/emmanuel-booz-au-restaurant-dalice\/","title":{"rendered":"Emmanuel Booz &#8211; Au restaurant d&rsquo;Alice"},"content":{"rendered":"\n<p><strong>Emmanuel Booz<\/strong> &#8211; <strong>Au restaurant d&rsquo;Alice \u00ab\u00a0Alice&rsquo;s Restaurant\u00a0\u00bb<\/strong> (sur le Label Barclay en 1969). Premier album d&rsquo;Emmanuel Booz, artiste atypique dans la sc\u00e8ne fran\u00e7aise de l&rsquo;\u00e9poque (comme tant d&rsquo;autres). Ici dans une belle adaptation de l&rsquo;album (tir\u00e9 du film) d&rsquo;<strong>Arlo Guthrie \u00ab\u00a0Alice&rsquo;s Restaurant\u00a0\u00bb<\/strong> &#8211; j&rsquo;avais vu le film, tr\u00e8s dr\u00f4le et reflet d&rsquo;une \u00e9poque, celle des USA au moment de la guerre du Vietnam et du refus d&rsquo;une jeunesse d&rsquo;aller faire cette guerre absurde. Ici, une adaptation fid\u00e8le avec la b\u00e9n\u00e9diction d&rsquo;Arlo Guthrie. L&rsquo;album passera inaper\u00e7u, et Emmanuel Booz fera 3 autres albums plus \u00ab\u00a0exp\u00e9rimentaux\u00a0\u00bb, dans une belle veine rock prog (albums plut\u00f4t recherch\u00e9s). Ce premier album dans une veine tr\u00e8s folk, plut\u00f4t fid\u00e8le \u00e0 l&rsquo;album original est une belle r\u00e9ussite. Il est lui aussi assez recherch\u00e9 par les amateurs.<\/p>\n\n\n\n<figure class=\"wp-block-video aligncenter\"><video height=\"720\" style=\"aspect-ratio: 1280 \/ 720;\" width=\"1280\" controls src=\"https:\/\/joseph-isola.info\/Sardequin\/wp-content\/uploads\/2024\/07\/Emmanuel-Booz.mp4\"><\/video><\/figure>\n","protected":false},"excerpt":{"rendered":"<p>Emmanuel Booz &#8211; Au restaurant d&rsquo;Alice \u00ab\u00a0Alice&rsquo;s Restaurant\u00a0\u00bb (sur le Label Barclay en 1969). Premier<\/p>\n","protected":false},"author":5,"featured_media":14119,"comment_status":"open","ping_status":"open","sticky":false,"template":"","format":"standard","meta":{"_jetpack_memberships_contains_paid_content":false,"footnotes":"","jetpack_publicize_message":"","jetpack_publicize_feature_enabled":true,"jetpack_social_post_already_shared":true,"jetpack_social_options":{"image_generator_settings":{"template":"highway","default_image_id":0,"font":"","enabled":false},"version":2}},"categories":[68,122,16,17,62],"tags":[306,20,84,67,19],"class_list":["post-14117","post","type-post","status-publish","format-standard","has-post-thumbnail","hentry","category-musique","category-rock","category-sur-ma-platine","category-video","category-vinyles","tag-folk","tag-musique","tag-sur-ma-platine","tag-video","tag-vinyles"],"jetpack_publicize_connections":[],"jetpack_featured_media_url":"https:\/\/joseph-isola.info\/Sardequin\/wp-content\/uploads\/2024\/07\/Emmanuel-Booz.jpg","jetpack_likes_enabled":true,"jetpack_sharing_enabled":true,"_links":{"self":[{"href":"https:\/\/joseph-isola.info\/Sardequin\/wp-json\/wp\/v2\/posts\/14117","targetHints":{"allow":["GET"]}}],"collection":[{"href":"https:\/\/joseph-isola.info\/Sardequin\/wp-json\/wp\/v2\/posts"}],"about":[{"href":"https:\/\/joseph-isola.info\/Sardequin\/wp-json\/wp\/v2\/types\/post"}],"author":[{"embeddable":true,"href":"https:\/\/joseph-isola.info\/Sardequin\/wp-json\/wp\/v2\/users\/5"}],"replies":[{"embeddable":true,"href":"https:\/\/joseph-isola.info\/Sardequin\/wp-json\/wp\/v2\/comments?post=14117"}],"version-history":[{"count":0,"href":"https:\/\/joseph-isola.info\/Sardequin\/wp-json\/wp\/v2\/posts\/14117\/revisions"}],"wp:featuredmedia":[{"embeddable":true,"href":"https:\/\/joseph-isola.info\/Sardequin\/wp-json\/wp\/v2\/media\/14119"}],"wp:attachment":[{"href":"https:\/\/joseph-isola.info\/Sardequin\/wp-json\/wp\/v2\/media?parent=14117"}],"wp:term":[{"taxonomy":"category","embeddable":true,"href":"https:\/\/joseph-isola.info\/Sardequin\/wp-json\/wp\/v2\/categories?post=14117"},{"taxonomy":"post_tag","embeddable":true,"href":"https:\/\/joseph-isola.info\/Sardequin\/wp-json\/wp\/v2\/tags?post=14117"}],"curies":[{"name":"wp","href":"https:\/\/api.w.org\/{rel}","templated":true}]}}