{"id":14241,"date":"2025-01-14T10:45:14","date_gmt":"2025-01-14T09:45:14","guid":{"rendered":"https:\/\/joseph-isola.info\/Sardequin\/?p=14241"},"modified":"2025-01-14T10:45:21","modified_gmt":"2025-01-14T09:45:21","slug":"duke-ellington-the-afro-eurasian-eclipse","status":"publish","type":"post","link":"https:\/\/joseph-isola.info\/Sardequin\/duke-ellington-the-afro-eurasian-eclipse\/","title":{"rendered":"Duke Ellington &#8211; The Afro-Eurasian Eclipse"},"content":{"rendered":"\n<p>Une grosse envie de reposer ce magnifique album de Duke Ellington sur ma platine ! Une merveille de modernit\u00e9, album enregistr\u00e9 en 1971 et paru en 1975 sur le Label Fantasy (OG France chin\u00e9 \u00e0 ma ressourcerie il y a 5 ans d\u00e9j\u00e0. Si vous tombez dessus, surtout ne pas h\u00e9siter une seule seconde. \u00c7a joue d&rsquo;enfer ! Et quelle pochette ! <strong>Duke Ellington \u2013 The Afro-Eurasian Eclipse.<\/strong><\/p>\n\n\n\n<figure class=\"wp-block-video aligncenter\"><video controls poster=\"https:\/\/joseph-isola.info\/Sardequin\/wp-content\/uploads\/2025\/01\/duke.png\" src=\"https:\/\/joseph-isola.info\/videosblog\/Duke.MOV\"><\/video><\/figure>\n","protected":false},"excerpt":{"rendered":"<p>Une grosse envie de reposer ce magnifique album de Duke Ellington sur ma platine !<\/p>\n","protected":false},"author":5,"featured_media":14242,"comment_status":"open","ping_status":"open","sticky":false,"template":"","format":"standard","meta":{"_jetpack_memberships_contains_paid_content":false,"footnotes":"","jetpack_publicize_message":"","jetpack_publicize_feature_enabled":true,"jetpack_social_post_already_shared":true,"jetpack_social_options":{"image_generator_settings":{"template":"highway","default_image_id":0,"font":"","enabled":false},"version":2}},"categories":[124,68,16,17,62],"tags":[553,84,67,19],"class_list":["post-14241","post","type-post","status-publish","format-standard","has-post-thumbnail","hentry","category-blues-jazz","category-musique","category-sur-ma-platine","category-video","category-vinyles","tag-duke-ellington","tag-sur-ma-platine","tag-video","tag-vinyles"],"jetpack_publicize_connections":[],"jetpack_featured_media_url":"https:\/\/joseph-isola.info\/Sardequin\/wp-content\/uploads\/2025\/01\/duke.png","jetpack_likes_enabled":true,"jetpack_sharing_enabled":true,"_links":{"self":[{"href":"https:\/\/joseph-isola.info\/Sardequin\/wp-json\/wp\/v2\/posts\/14241","targetHints":{"allow":["GET"]}}],"collection":[{"href":"https:\/\/joseph-isola.info\/Sardequin\/wp-json\/wp\/v2\/posts"}],"about":[{"href":"https:\/\/joseph-isola.info\/Sardequin\/wp-json\/wp\/v2\/types\/post"}],"author":[{"embeddable":true,"href":"https:\/\/joseph-isola.info\/Sardequin\/wp-json\/wp\/v2\/users\/5"}],"replies":[{"embeddable":true,"href":"https:\/\/joseph-isola.info\/Sardequin\/wp-json\/wp\/v2\/comments?post=14241"}],"version-history":[{"count":0,"href":"https:\/\/joseph-isola.info\/Sardequin\/wp-json\/wp\/v2\/posts\/14241\/revisions"}],"wp:featuredmedia":[{"embeddable":true,"href":"https:\/\/joseph-isola.info\/Sardequin\/wp-json\/wp\/v2\/media\/14242"}],"wp:attachment":[{"href":"https:\/\/joseph-isola.info\/Sardequin\/wp-json\/wp\/v2\/media?parent=14241"}],"wp:term":[{"taxonomy":"category","embeddable":true,"href":"https:\/\/joseph-isola.info\/Sardequin\/wp-json\/wp\/v2\/categories?post=14241"},{"taxonomy":"post_tag","embeddable":true,"href":"https:\/\/joseph-isola.info\/Sardequin\/wp-json\/wp\/v2\/tags?post=14241"}],"curies":[{"name":"wp","href":"https:\/\/api.w.org\/{rel}","templated":true}]}}