{"id":14769,"date":"2026-09-01T15:00:04","date_gmt":"2026-09-01T13:00:04","guid":{"rendered":"https:\/\/joseph-isola.info\/Sardequin\/?p=14769"},"modified":"2026-09-01T15:00:45","modified_gmt":"2026-09-01T13:00:45","slug":"gerard-manset-je-ne-veux-pas","status":"publish","type":"post","link":"https:\/\/joseph-isola.info\/Sardequin\/gerard-manset-je-ne-veux-pas\/","title":{"rendered":"G\u00e9rard Manset &#8211; Je ne veux pas"},"content":{"rendered":"\n<div class=\"wp-block-columns is-layout-flex wp-container-core-columns-is-layout-8f761849 wp-block-columns-is-layout-flex\">\n<div class=\"wp-block-column is-vertically-aligned-center is-layout-flow wp-block-column-is-layout-flow\" style=\"flex-basis:33.33%\">\n<p class=\"wp-block-paragraph\">Achat et \u00e9coute du jour.<br \/><strong>G\u00e9rard Manset &#8211; Je ne veux pas<\/strong><br \/>Son dernier album en date (sorti en avril 2026). Manset toujours inspir\u00e9 et son univers unique, Manset insaisissable. La chanson titre Je ne veux pas est d&rsquo;une force, et v\u00e9hicule des \u00e9motions incroyables. Plus de 10 minutes d&rsquo;une d\u00e9claration d&rsquo;amour en quelque sorte.<\/p>\n<\/div>\n\n\n\n<div class=\"wp-block-column is-vertically-aligned-center is-layout-flow wp-block-column-is-layout-flow\" style=\"flex-basis:66.66%\"><div class=\"wp-block-image\">\n<figure class=\"aligncenter size-full is-resized\"><a href=\"https:\/\/joseph-isola.info\/Sardequin\/wp-content\/uploads\/2026\/09\/Manset-Je-ne-veux-pas.jpeg\" target=\"_blank\" rel=\" noopener\"><img loading=\"lazy\" decoding=\"async\" width=\"750\" height=\"563\" src=\"https:\/\/joseph-isola.info\/Sardequin\/wp-content\/uploads\/2026\/09\/Manset-Je-ne-veux-pas.jpeg\" alt=\"\" class=\"wp-image-14770\" style=\"aspect-ratio:1.332161211793346;width:365px;height:auto\" srcset=\"https:\/\/joseph-isola.info\/Sardequin\/wp-content\/uploads\/2026\/09\/Manset-Je-ne-veux-pas.jpeg 750w, https:\/\/joseph-isola.info\/Sardequin\/wp-content\/uploads\/2026\/09\/Manset-Je-ne-veux-pas-600x450.jpeg 600w, https:\/\/joseph-isola.info\/Sardequin\/wp-content\/uploads\/2026\/09\/Manset-Je-ne-veux-pas-720x540.jpeg 720w\" sizes=\"auto, (max-width: 750px) 100vw, 750px\" \/><\/a><\/figure>\n<\/div><\/div>\n<\/div>\n\n\n\n<p class=\"wp-block-paragraph\">Le clip de la chanson titre, plus de 10 minutes. On peut se d\u00e9soler que les images du clip soient enti\u00e8rement r\u00e9alis\u00e9es en IA (je pense \u00e0 mon fils qui peine a trouver des missions r\u00e9guli\u00e8res, il est en free lance dans l&rsquo;animation 3D), mais malgr\u00e9 mes r\u00e9ticences j&rsquo;avoue que c&rsquo;est quand m\u00eame tr\u00e8s beau.<\/p>\n\n\n\n<figure class=\"wp-block-embed aligncenter is-type-video is-provider-youtube wp-block-embed-youtube wp-embed-aspect-16-9 wp-has-aspect-ratio\"><div class=\"wp-block-embed__wrapper\">\n<iframe loading=\"lazy\" title=\"MANSET - Je ne veux pas (clip officiel 4K)\" width=\"640\" height=\"360\" src=\"https:\/\/www.youtube.com\/embed\/4g87yUqaEi8?feature=oembed\" frameborder=\"0\" allow=\"accelerometer; autoplay; clipboard-write; encrypted-media; gyroscope; picture-in-picture; web-share\" referrerpolicy=\"strict-origin-when-cross-origin\" allowfullscreen><\/iframe>\n<\/div><\/figure>\n","protected":false},"excerpt":{"rendered":"<p>Achat et \u00e9coute du jour.G\u00e9rard Manset &#8211; Je ne veux pasSon dernier album en date<\/p>\n","protected":false},"author":5,"featured_media":14770,"comment_status":"open","ping_status":"open","sticky":false,"template":"","format":"standard","meta":{"_jetpack_newsletter_access":"","_jetpack_dont_email_post_to_subs":false,"_jetpack_newsletter_tier_id":0,"_jetpack_memberships_contains_paywalled_content":false,"_jetpack_feature_clip_id":0,"_jetpack_memberships_contains_paid_content":false,"footnotes":"","jetpack_publicize_message":"","jetpack_publicize_feature_enabled":true,"jetpack_social_post_already_shared":true,"jetpack_social_options":{"image_generator_settings":{"template":"highway","default_image_id":0,"font":"","enabled":false},"version":2},"jetpack_post_was_ever_published":false},"categories":[68,16,17,62],"tags":[367,20,84,67,19],"class_list":["post-14769","post","type-post","status-publish","format-standard","has-post-thumbnail","hentry","category-musique","category-sur-ma-platine","category-video","category-vinyles","tag-gerard-manset","tag-musique","tag-sur-ma-platine","tag-video","tag-vinyles"],"jetpack_publicize_connections":[],"jetpack_likes_enabled":true,"jetpack_sharing_enabled":true,"jetpack_featured_media_url":"https:\/\/joseph-isola.info\/Sardequin\/wp-content\/uploads\/2026\/09\/Manset-Je-ne-veux-pas.jpeg","_links":{"self":[{"href":"https:\/\/joseph-isola.info\/Sardequin\/wp-json\/wp\/v2\/posts\/14769","targetHints":{"allow":["GET"]}}],"collection":[{"href":"https:\/\/joseph-isola.info\/Sardequin\/wp-json\/wp\/v2\/posts"}],"about":[{"href":"https:\/\/joseph-isola.info\/Sardequin\/wp-json\/wp\/v2\/types\/post"}],"author":[{"embeddable":true,"href":"https:\/\/joseph-isola.info\/Sardequin\/wp-json\/wp\/v2\/users\/5"}],"replies":[{"embeddable":true,"href":"https:\/\/joseph-isola.info\/Sardequin\/wp-json\/wp\/v2\/comments?post=14769"}],"version-history":[{"count":2,"href":"https:\/\/joseph-isola.info\/Sardequin\/wp-json\/wp\/v2\/posts\/14769\/revisions"}],"predecessor-version":[{"id":14772,"href":"https:\/\/joseph-isola.info\/Sardequin\/wp-json\/wp\/v2\/posts\/14769\/revisions\/14772"}],"wp:featuredmedia":[{"embeddable":true,"href":"https:\/\/joseph-isola.info\/Sardequin\/wp-json\/wp\/v2\/media\/14770"}],"wp:attachment":[{"href":"https:\/\/joseph-isola.info\/Sardequin\/wp-json\/wp\/v2\/media?parent=14769"}],"wp:term":[{"taxonomy":"category","embeddable":true,"href":"https:\/\/joseph-isola.info\/Sardequin\/wp-json\/wp\/v2\/categories?post=14769"},{"taxonomy":"post_tag","embeddable":true,"href":"https:\/\/joseph-isola.info\/Sardequin\/wp-json\/wp\/v2\/tags?post=14769"}],"curies":[{"name":"wp","href":"https:\/\/api.w.org\/{rel}","templated":true}]}}