{"id":2640,"date":"2015-06-06T19:40:02","date_gmt":"2015-06-06T17:40:02","guid":{"rendered":"http:\/\/joseph-isola.info\/Sardequin\/?p=2640"},"modified":"2015-06-06T19:40:02","modified_gmt":"2015-06-06T17:40:02","slug":"sur-ma-pile-de-disques","status":"publish","type":"post","link":"https:\/\/joseph-isola.info\/Sardequin\/sur-ma-pile-de-disques\/","title":{"rendered":"Sur ma pile de disques !"},"content":{"rendered":"<p>Demain, c\u2019est donc reparti pour un tour\u2026<!--more--><\/p>\n<p style=\"text-align: justify;\">Beaucoup de vide-greniers \u00e0 visiter, il va me falloir peaufiner mon parcours\u2026 Mais c\u2019est l\u2019incertitude totale, le bon choix ou le mauvais choix ? Et puis, pourquoi faire ? J\u2019arrive, si j\u2019en crois ma base de donn\u00e9es, \u00e0 1305 disques vinyles. Et pour \u00eatre franc, il doit y en avoir un certain nombre que j\u2019ai \u00e9cout\u00e9 une fois, d\u2019autre deux ou trois fois et certains qui reviennent r\u00e9guli\u00e8rement sur la platine. Trop de choix\u2026<\/p>\n<p>D\u2019autant que ceux qui sont sur les photos sont le r\u00e9sultat de mes derni\u00e8res qu\u00eates, et qu\u2019il me reste quand m\u00eame \u00e0 \u00e9couter, d\u00e9couvrir ceux des deux derni\u00e8res rang\u00e9es. C\u2019est dire si j\u2019ai de quoi faire.<\/p>\n<p>&nbsp;<\/p>\n<p style=\"text-align: justify;\"><a href=\"https:\/\/joseph-isola.info\/Sardequin\/wp-content\/uploads\/2015\/06\/deux.png\"><img loading=\"lazy\" decoding=\"async\" class=\"aligncenter size-full wp-image-2641\" src=\"https:\/\/joseph-isola.info\/Sardequin\/wp-content\/uploads\/2015\/06\/deux.png\" alt=\"deux\" width=\"892\" height=\"173\" srcset=\"https:\/\/joseph-isola.info\/Sardequin\/wp-content\/uploads\/2015\/06\/deux.png 892w, https:\/\/joseph-isola.info\/Sardequin\/wp-content\/uploads\/2015\/06\/deux-300x58.png 300w\" sizes=\"auto, (max-width: 892px) 100vw, 892px\" \/><\/a> <a href=\"https:\/\/joseph-isola.info\/Sardequin\/wp-content\/uploads\/2015\/06\/trois.png\"><img loading=\"lazy\" decoding=\"async\" class=\"aligncenter size-full wp-image-2642\" src=\"https:\/\/joseph-isola.info\/Sardequin\/wp-content\/uploads\/2015\/06\/trois.png\" alt=\"trois\" width=\"449\" height=\"177\" srcset=\"https:\/\/joseph-isola.info\/Sardequin\/wp-content\/uploads\/2015\/06\/trois.png 449w, https:\/\/joseph-isola.info\/Sardequin\/wp-content\/uploads\/2015\/06\/trois-300x118.png 300w\" sizes=\"auto, (max-width: 449px) 100vw, 449px\" \/><\/a> <a href=\"https:\/\/joseph-isola.info\/Sardequin\/wp-content\/uploads\/2015\/06\/un.png\"><img loading=\"lazy\" decoding=\"async\" class=\"aligncenter size-full wp-image-2643\" src=\"https:\/\/joseph-isola.info\/Sardequin\/wp-content\/uploads\/2015\/06\/un.png\" alt=\"un\" width=\"923\" height=\"356\" srcset=\"https:\/\/joseph-isola.info\/Sardequin\/wp-content\/uploads\/2015\/06\/un.png 923w, https:\/\/joseph-isola.info\/Sardequin\/wp-content\/uploads\/2015\/06\/un-300x116.png 300w\" sizes=\"auto, (max-width: 923px) 100vw, 923px\" \/><\/a>Alors pourquoi continuer ? Parce que !<br \/>\nParce que, il y a toujours l\u2019espoir de tomber sur des p\u00e9pites, des disques improbable comme du jazz \u00e9thiopien, de d\u00e9couvrir des genres musicaux que je n\u2019aurais jamais os\u00e9 tester \u00e0 prix \u00ab\u00a0normal\u00a0\u00bb et de retrouver les disques qui ont berc\u00e9 une partie de ma vie. Tomber sur un album de Mal Waldron, pianiste de jazz subtil, c\u2019est pas tous les jours que \u00e7a arrive. Surtout quand le chineur devant moi fouille le bac et ne jette m\u00eame pas un regard, ou comme ce jeune juste sous mes yeux qui laisse un album d\u2019Otis Spann ! Bon, on ne peut pas tout conna\u00eetre. Et \u00e7a doit bien m\u2019arriver aussi.<br \/>\nEt puis il y a toujours au coin de la t\u00eate la \u00ab\u00a0WishList\u00a0\u00bb id\u00e9ale, ou trouver par exemple l\u2019album que Dick Annegarn a enregistr\u00e9 avec le bluesman Robert Pete Williams. Sur cette \u00ab\u00a0WishList\u00a0\u00bb il y a entre autre du Bob Dylan (je n\u2019ai pas encore tous les albums officiels), du Kevin Coyne, du Nick Drake, The Cramps et quelques autres\u2026 Et puis le reste aussi !<\/p>\n<p>Enfin, voil\u00e0, demain je remets \u00e7a encore\u2026<\/p>\n","protected":false},"excerpt":{"rendered":"<p>Demain, c\u2019est donc reparti pour un tour\u2026<\/p>\n","protected":false},"author":5,"featured_media":2644,"comment_status":"open","ping_status":"open","sticky":false,"template":"","format":"standard","meta":{"_jetpack_memberships_contains_paid_content":false,"footnotes":"","jetpack_publicize_message":"","jetpack_publicize_feature_enabled":true,"jetpack_social_post_already_shared":true,"jetpack_social_options":{"image_generator_settings":{"template":"highway","default_image_id":0,"font":"","enabled":false},"version":2}},"categories":[1,68],"tags":[25,22,20,19],"class_list":["post-2640","post","type-post","status-publish","format-standard","has-post-thumbnail","hentry","category-jour-en-jours","category-musique","tag-blabla","tag-bob-dylan","tag-musique","tag-vinyles"],"jetpack_publicize_connections":[],"jetpack_featured_media_url":"https:\/\/joseph-isola.info\/Sardequin\/wp-content\/uploads\/2015\/06\/TEXT-HERE.png","jetpack_likes_enabled":true,"jetpack_sharing_enabled":true,"_links":{"self":[{"href":"https:\/\/joseph-isola.info\/Sardequin\/wp-json\/wp\/v2\/posts\/2640","targetHints":{"allow":["GET"]}}],"collection":[{"href":"https:\/\/joseph-isola.info\/Sardequin\/wp-json\/wp\/v2\/posts"}],"about":[{"href":"https:\/\/joseph-isola.info\/Sardequin\/wp-json\/wp\/v2\/types\/post"}],"author":[{"embeddable":true,"href":"https:\/\/joseph-isola.info\/Sardequin\/wp-json\/wp\/v2\/users\/5"}],"replies":[{"embeddable":true,"href":"https:\/\/joseph-isola.info\/Sardequin\/wp-json\/wp\/v2\/comments?post=2640"}],"version-history":[{"count":0,"href":"https:\/\/joseph-isola.info\/Sardequin\/wp-json\/wp\/v2\/posts\/2640\/revisions"}],"wp:featuredmedia":[{"embeddable":true,"href":"https:\/\/joseph-isola.info\/Sardequin\/wp-json\/wp\/v2\/media\/2644"}],"wp:attachment":[{"href":"https:\/\/joseph-isola.info\/Sardequin\/wp-json\/wp\/v2\/media?parent=2640"}],"wp:term":[{"taxonomy":"category","embeddable":true,"href":"https:\/\/joseph-isola.info\/Sardequin\/wp-json\/wp\/v2\/categories?post=2640"},{"taxonomy":"post_tag","embeddable":true,"href":"https:\/\/joseph-isola.info\/Sardequin\/wp-json\/wp\/v2\/tags?post=2640"}],"curies":[{"name":"wp","href":"https:\/\/api.w.org\/{rel}","templated":true}]}}