{"id":2683,"date":"2015-06-21T14:07:53","date_gmt":"2015-06-21T12:07:53","guid":{"rendered":"http:\/\/joseph-isola.info\/Sardequin\/?p=2683"},"modified":"2016-06-21T08:32:24","modified_gmt":"2016-06-21T06:32:24","slug":"fete-de-la-musique","status":"publish","type":"post","link":"https:\/\/joseph-isola.info\/Sardequin\/fete-de-la-musique\/","title":{"rendered":"F\u00eate de la musique\u2026"},"content":{"rendered":"<p><!--more--><\/p>\n<p>Titre trompeur, cependant, la f\u00eate de la musique, c\u2019est tous les week-end chez moi.<\/p>\n<p><a href=\"https:\/\/joseph-isola.info\/Sardequin\/wp-content\/uploads\/2015\/06\/recolte21juin.png\"><img loading=\"lazy\" decoding=\"async\" class=\" size-full wp-image-2684 alignleft\" src=\"https:\/\/joseph-isola.info\/Sardequin\/wp-content\/uploads\/2015\/06\/recolte21juin.png\" alt=\"recolte21juin\" width=\"920\" height=\"349\" srcset=\"https:\/\/joseph-isola.info\/Sardequin\/wp-content\/uploads\/2015\/06\/recolte21juin.png 920w, https:\/\/joseph-isola.info\/Sardequin\/wp-content\/uploads\/2015\/06\/recolte21juin-300x114.png 300w\" sizes=\"auto, (max-width: 920px) 100vw, 920px\" \/><\/a><\/p>\n<p><a href=\"https:\/\/joseph-isola.info\/Sardequin\/wp-content\/uploads\/2015\/06\/anachronic.png\"><img loading=\"lazy\" decoding=\"async\" class=\" size-full wp-image-2685 alignleft\" src=\"https:\/\/joseph-isola.info\/Sardequin\/wp-content\/uploads\/2015\/06\/anachronic.png\" alt=\"anachronic\" width=\"221\" height=\"172\" \/><\/a><\/p>\n<p style=\"text-align: justify;\">Et une petite r\u00e9colte sympathique ce matin, m\u00eame si le premier vide-greniers \u00e9tait d\u00e9courageant, avec 4 stands, et pas un seul carton de disques, que sur le second, j\u2019ai rencontr\u00e9 la concurrence arriv\u00e9e avant moi. J\u2019ai quand m\u00eame d\u00e9nich\u00e9 le Stan Getz et l\u2019Anachronic Jazz Band &#8211; une curiosit\u00e9 sans doute. C\u2019est sur le troisi\u00e8me que la r\u00e9colte a \u00e9t\u00e9 plus fructueuse et int\u00e9ressante. Le House Of Love est une trouvaille sympathique, le Who live at Leeds va remplacer celui que j\u2019avis d\u00e9j\u00e0 (plut\u00f4t fatigu\u00e9), et le Otis Redding doit valoir son pesant de cacahu\u00e8tes soul.<\/p>\n<p><em>House of Love, Gamine, Les Innocents, Michel B\u00fchler, The Who, Otis Redding, Larry Coryell, Stan Getez et Anachronic jazz band\u2026<\/em><\/p>\n<p>Sinon, j\u2019ai mis en ligne (sur un serveur provisoire) la version b\u00eata de ma Dylanth\u00e8que. Bon, il manque le principal, les galeries photo. Mais la page principale est dans sa version quasi d\u00e9finitive, juste quelques d\u00e9tails \u00e0 r\u00e9gler et \u00e0 peaufiner. C\u2019est ici : une <a href=\"http:\/\/j.isola.free.fr\/dylan\/\" target=\"_blank\">Dylanth\u00e8que en construction<\/a>.<br \/>\nPas mal de prise de t\u00eate et\u00a0encore du boulot quand m\u00eame.<\/p>\n<p>Bon dimanche\u2026<\/p>\n<p>&nbsp;<\/p>\n","protected":false},"excerpt":{"rendered":"","protected":false},"author":5,"featured_media":2688,"comment_status":"open","ping_status":"open","sticky":false,"template":"","format":"standard","meta":{"_jetpack_memberships_contains_paid_content":false,"footnotes":"","jetpack_publicize_message":"","jetpack_publicize_feature_enabled":true,"jetpack_social_post_already_shared":true,"jetpack_social_options":{"image_generator_settings":{"template":"highway","default_image_id":0,"font":"","enabled":false},"version":2}},"categories":[1,68],"tags":[22,20,19,38],"class_list":["post-2683","post","type-post","status-publish","format-standard","has-post-thumbnail","hentry","category-jour-en-jours","category-musique","tag-bob-dylan","tag-musique","tag-vinyles","tag-web"],"jetpack_publicize_connections":[],"jetpack_featured_media_url":"https:\/\/joseph-isola.info\/Sardequin\/wp-content\/uploads\/2015\/06\/C\u2019est-dimanche.png","jetpack_likes_enabled":true,"jetpack_sharing_enabled":true,"_links":{"self":[{"href":"https:\/\/joseph-isola.info\/Sardequin\/wp-json\/wp\/v2\/posts\/2683","targetHints":{"allow":["GET"]}}],"collection":[{"href":"https:\/\/joseph-isola.info\/Sardequin\/wp-json\/wp\/v2\/posts"}],"about":[{"href":"https:\/\/joseph-isola.info\/Sardequin\/wp-json\/wp\/v2\/types\/post"}],"author":[{"embeddable":true,"href":"https:\/\/joseph-isola.info\/Sardequin\/wp-json\/wp\/v2\/users\/5"}],"replies":[{"embeddable":true,"href":"https:\/\/joseph-isola.info\/Sardequin\/wp-json\/wp\/v2\/comments?post=2683"}],"version-history":[{"count":0,"href":"https:\/\/joseph-isola.info\/Sardequin\/wp-json\/wp\/v2\/posts\/2683\/revisions"}],"wp:featuredmedia":[{"embeddable":true,"href":"https:\/\/joseph-isola.info\/Sardequin\/wp-json\/wp\/v2\/media\/2688"}],"wp:attachment":[{"href":"https:\/\/joseph-isola.info\/Sardequin\/wp-json\/wp\/v2\/media?parent=2683"}],"wp:term":[{"taxonomy":"category","embeddable":true,"href":"https:\/\/joseph-isola.info\/Sardequin\/wp-json\/wp\/v2\/categories?post=2683"},{"taxonomy":"post_tag","embeddable":true,"href":"https:\/\/joseph-isola.info\/Sardequin\/wp-json\/wp\/v2\/tags?post=2683"}],"curies":[{"name":"wp","href":"https:\/\/api.w.org\/{rel}","templated":true}]}}