{"id":4106,"date":"2016-02-02T19:06:42","date_gmt":"2016-02-02T18:06:42","guid":{"rendered":"http:\/\/joseph-isola.info\/Sardequin\/?p=4106"},"modified":"2016-02-02T19:06:42","modified_gmt":"2016-02-02T18:06:42","slug":"un-requiem","status":"publish","type":"post","link":"https:\/\/joseph-isola.info\/Sardequin\/un-requiem\/","title":{"rendered":"Un Requiem"},"content":{"rendered":"<p style=\"text-align: justify;\">Il n\u2019y a pas que celui de Mozart. C\u2019est peu dire que j\u2019appr\u00e9cie le <strong>Requiem<\/strong> de Mozart. Mais \u00e7a faisait un bail que je n\u2019avait pas d\u00e9pos\u00e9 dans la platine celui de <strong>Gabriel Faur\u00e9<\/strong>. Pour paraphraser Wikip\u00e9dia, c\u2019est une \u0153uvre pleine de douceur, d\u2019\u00e9merveillement, d\u2019humilit\u00e9 et d\u2019espoir.<br \/>\nBon, \u00e7a veut tout simplement dire que ce requiem est tout sauf tragique comme peut l\u2019\u00eatre celui de Mozart par exemple. Peut-\u00eatre tout simplement, parce qu\u2019il a \u00e9t\u00e9 compos\u00e9 par Faur\u00e9 sans intention particuli\u00e8re, et que ce n\u2019est pas le pressentiment\u00a0d\u2019une fin tragique. C\u2019est au contraire une fin paisible, solennelle certes, mais douce, apais\u00e9e.<br \/>\n\u00c7a faisait longtemps qu\u2019il n\u2019\u00e9tait pas pass\u00e9 sur ma platine, et \u00e7a fait un bien fou d\u2019entendre cette musique !<\/p>\n<p><img loading=\"lazy\" decoding=\"async\" class=\"aligncenter size-full wp-image-4107\" src=\"https:\/\/joseph-isola.info\/Sardequin\/wp-content\/uploads\/2016\/02\/Faur\u00e9-Requiem.jpg\" alt=\"Faur\u00e9 - Requiem\" width=\"1500\" height=\"1500\" srcset=\"https:\/\/joseph-isola.info\/Sardequin\/wp-content\/uploads\/2016\/02\/Faur\u00e9-Requiem.jpg 1500w, https:\/\/joseph-isola.info\/Sardequin\/wp-content\/uploads\/2016\/02\/Faur\u00e9-Requiem-151x150.jpg 151w, https:\/\/joseph-isola.info\/Sardequin\/wp-content\/uploads\/2016\/02\/Faur\u00e9-Requiem-300x300.jpg 300w, https:\/\/joseph-isola.info\/Sardequin\/wp-content\/uploads\/2016\/02\/Faur\u00e9-Requiem-768x768.jpg 768w, https:\/\/joseph-isola.info\/Sardequin\/wp-content\/uploads\/2016\/02\/Faur\u00e9-Requiem-1024x1024.jpg 1024w\" sizes=\"auto, (max-width: 1500px) 100vw, 1500px\" \/><\/p>\n","protected":false},"excerpt":{"rendered":"<p>Il n\u2019y a pas que celui de Mozart. C\u2019est peu dire que j\u2019appr\u00e9cie le Requiem<\/p>\n","protected":false},"author":5,"featured_media":4107,"comment_status":"open","ping_status":"open","sticky":false,"template":"","format":"standard","meta":{"_jetpack_memberships_contains_paid_content":false,"footnotes":"","jetpack_publicize_message":"","jetpack_publicize_feature_enabled":true,"jetpack_social_post_already_shared":true,"jetpack_social_options":{"image_generator_settings":{"template":"highway","default_image_id":0,"font":"","enabled":false},"version":2}},"categories":[68,16],"tags":[20,84],"class_list":["post-4106","post","type-post","status-publish","format-standard","has-post-thumbnail","hentry","category-musique","category-sur-ma-platine","tag-musique","tag-sur-ma-platine"],"jetpack_publicize_connections":[],"jetpack_featured_media_url":"https:\/\/joseph-isola.info\/Sardequin\/wp-content\/uploads\/2016\/02\/Faur\u00e9-Requiem.jpg","jetpack_likes_enabled":true,"jetpack_sharing_enabled":true,"_links":{"self":[{"href":"https:\/\/joseph-isola.info\/Sardequin\/wp-json\/wp\/v2\/posts\/4106","targetHints":{"allow":["GET"]}}],"collection":[{"href":"https:\/\/joseph-isola.info\/Sardequin\/wp-json\/wp\/v2\/posts"}],"about":[{"href":"https:\/\/joseph-isola.info\/Sardequin\/wp-json\/wp\/v2\/types\/post"}],"author":[{"embeddable":true,"href":"https:\/\/joseph-isola.info\/Sardequin\/wp-json\/wp\/v2\/users\/5"}],"replies":[{"embeddable":true,"href":"https:\/\/joseph-isola.info\/Sardequin\/wp-json\/wp\/v2\/comments?post=4106"}],"version-history":[{"count":0,"href":"https:\/\/joseph-isola.info\/Sardequin\/wp-json\/wp\/v2\/posts\/4106\/revisions"}],"wp:featuredmedia":[{"embeddable":true,"href":"https:\/\/joseph-isola.info\/Sardequin\/wp-json\/wp\/v2\/media\/4107"}],"wp:attachment":[{"href":"https:\/\/joseph-isola.info\/Sardequin\/wp-json\/wp\/v2\/media?parent=4106"}],"wp:term":[{"taxonomy":"category","embeddable":true,"href":"https:\/\/joseph-isola.info\/Sardequin\/wp-json\/wp\/v2\/categories?post=4106"},{"taxonomy":"post_tag","embeddable":true,"href":"https:\/\/joseph-isola.info\/Sardequin\/wp-json\/wp\/v2\/tags?post=4106"}],"curies":[{"name":"wp","href":"https:\/\/api.w.org\/{rel}","templated":true}]}}