{"id":4516,"date":"2016-03-26T15:31:45","date_gmt":"2016-03-26T14:31:45","guid":{"rendered":"http:\/\/joseph-isola.info\/Sardequin\/?p=4516"},"modified":"2016-03-26T15:31:45","modified_gmt":"2016-03-26T14:31:45","slug":"le-match-foire-aux-disques-daix-0-fnac-et-vide-greniers-3","status":"publish","type":"post","link":"https:\/\/joseph-isola.info\/Sardequin\/le-match-foire-aux-disques-daix-0-fnac-et-vide-greniers-3\/","title":{"rendered":"[Le Match] Foire aux disques d\u2019Aix 0 &#8211; Fnac et vide-greniers 3 !"},"content":{"rendered":"<h3>Alors, bilan de la foire aux disques d\u2019Aix en Provence ce matin : 0 disques !<\/h3>\n<p style=\"text-align: justify;\">En fait, ce matin, je suis all\u00e9 faire un tour sur un vide-greniers, avant d\u2019aller en ville. J\u2019y ai rencontr\u00e9 un coll\u00e8gue chineur, et bien s\u00fbr on a caus\u00e9 de la foire aux vinyles. Il y avait fait un tour hier vendredi, pour ne rien acheter. 5 stands \u00e0 tout casser, plus de CD que de vinyles, et pour les vinyles, des prix que c\u2019est moins cher d\u2019acheter sur internet m\u00eame avec les frais de port. En revanche il m\u2019a dit que la Fnac, oui, la Fnac d\u2019Aix avait sorti dans ses rayons plus de vinyles que d\u2019habitude et pour certains \u00e0 10\u20ac (Creedance, Cream, tout Marley, The Who et quelque autres). Bref, il avait fait de meilleures affaires en passant par hasard \u00e0 la Fnac hier qu\u2019\u00e0 la foire aux disques. Il faut quand m\u00eame savoir que le rayon vinyles de la Fnac \u00e0 Aix, c\u2019est en gros une soixantaine de vinyles \u00e0 tout casser et \u00e0 25\/30\u20ac !<\/p>\n<p style=\"text-align: justify;\">Bref, j\u2019ai fait un tour rapide (apr\u00e8s le vide-greniers), et en effet, Foire aux disques 0 &#8211; Fnac 2 ! \ud83d\ude09<\/p>\n<p style=\"text-align: justify;\">Bon, sinon, quand m\u00eame une curiosit\u00e9 prise au vide-greniers (ou il n\u2019y avait rien de folichon, et le coll\u00e8gue chineur est, lui, rentr\u00e9 bredouille) :<\/p>\n<p><img decoding=\"async\" src=\"http:\/\/sardequin.jalbum.net\/Vinyles\/slides\/Pierre%20Henry%20-%20L'\u00e9vangile%20selon%20Saint%20Luc.jpg\" alt=\"Coffret Pierre Henry\" \/><\/p>\n<p style=\"text-align: justify;\">Alors, oui, vous allez dire, c\u2019est quoi ce truc ? Ben, c\u2019est un truc compos\u00e9 par <strong>Pierre Henry\u00a0<\/strong>(oui, celui de la Messe pour le Temps Pr\u00e9sent, ou de Variations pour une porte et un soupir) !!! Un coffret 5LP, bon, c\u2019est clairement \u00ab\u00a0religieux\u00a0\u00bb mais pour 5\u20ac, j\u2019ai pris le risque ! On verra bien ! Si \u00e7a se trouve, c\u2019est une grosse daube, une trouvouille (m\u00e9lange de trouvaille et merdouille) !<\/p>\n<p>Et donc \u00e0 la Fnac pour 10\u20ac le disque :<\/p>\n<p>Des r\u00e9\u00e9ditions bien entendu, faut pas r\u00eaver !<\/p>\n<p><img decoding=\"async\" src=\"http:\/\/sardequin.jalbum.net\/Vinyles\/slides\/Bashung%20-%20osez%20jos\u00e9phine.jpg\" alt=\"Alin Bashung - Osez Jos\u00e9phine\" \/><\/p>\n<p>Et pour le Who, une r\u00e9\u00e9dition mono :<\/p>\n<p><img decoding=\"async\" src=\"http:\/\/sardequin.jalbum.net\/Vinyles\/slides\/The%20Who%20-%20My%20Generation.jpg\" alt=\"The Who - My Generation\" \/><\/p>\n<p>Voil\u00e0, pas si mal quand m\u00eame !<\/p>\n","protected":false},"excerpt":{"rendered":"<p>Alors, bilan de la foire aux disques d\u2019Aix en Provence ce matin : 0 disques<\/p>\n","protected":false},"author":5,"featured_media":1121,"comment_status":"open","ping_status":"open","sticky":false,"template":"","format":"standard","meta":{"_jetpack_memberships_contains_paid_content":false,"footnotes":"","jetpack_publicize_message":"","jetpack_publicize_feature_enabled":true,"jetpack_social_post_already_shared":true,"jetpack_social_options":{"image_generator_settings":{"template":"highway","default_image_id":0,"font":"","enabled":false},"version":2}},"categories":[123,68,122,62],"tags":[20,55,19],"class_list":["post-4516","post","type-post","status-publish","format-standard","has-post-thumbnail","hentry","category-classique","category-musique","category-rock","category-vinyles","tag-musique","tag-vide-greniers","tag-vinyles"],"jetpack_publicize_connections":[],"jetpack_featured_media_url":"https:\/\/joseph-isola.info\/Sardequin\/wp-content\/uploads\/2014\/01\/vinyles.png","jetpack_likes_enabled":true,"jetpack_sharing_enabled":true,"_links":{"self":[{"href":"https:\/\/joseph-isola.info\/Sardequin\/wp-json\/wp\/v2\/posts\/4516","targetHints":{"allow":["GET"]}}],"collection":[{"href":"https:\/\/joseph-isola.info\/Sardequin\/wp-json\/wp\/v2\/posts"}],"about":[{"href":"https:\/\/joseph-isola.info\/Sardequin\/wp-json\/wp\/v2\/types\/post"}],"author":[{"embeddable":true,"href":"https:\/\/joseph-isola.info\/Sardequin\/wp-json\/wp\/v2\/users\/5"}],"replies":[{"embeddable":true,"href":"https:\/\/joseph-isola.info\/Sardequin\/wp-json\/wp\/v2\/comments?post=4516"}],"version-history":[{"count":0,"href":"https:\/\/joseph-isola.info\/Sardequin\/wp-json\/wp\/v2\/posts\/4516\/revisions"}],"wp:featuredmedia":[{"embeddable":true,"href":"https:\/\/joseph-isola.info\/Sardequin\/wp-json\/wp\/v2\/media\/1121"}],"wp:attachment":[{"href":"https:\/\/joseph-isola.info\/Sardequin\/wp-json\/wp\/v2\/media?parent=4516"}],"wp:term":[{"taxonomy":"category","embeddable":true,"href":"https:\/\/joseph-isola.info\/Sardequin\/wp-json\/wp\/v2\/categories?post=4516"},{"taxonomy":"post_tag","embeddable":true,"href":"https:\/\/joseph-isola.info\/Sardequin\/wp-json\/wp\/v2\/tags?post=4516"}],"curies":[{"name":"wp","href":"https:\/\/api.w.org\/{rel}","templated":true}]}}