{"id":4519,"date":"2016-03-27T14:21:26","date_gmt":"2016-03-27T12:21:26","guid":{"rendered":"http:\/\/joseph-isola.info\/Sardequin\/?p=4519"},"modified":"2018-07-24T07:07:15","modified_gmt":"2018-07-24T05:07:15","slug":"fichier-temporaire-manquant","status":"publish","type":"post","link":"https:\/\/joseph-isola.info\/Sardequin\/fichier-temporaire-manquant\/","title":{"rendered":"Fichier temporaire manquant ! [mise \u00e0 jour : probl\u00e8me pas r\u00e9solu, voir commentaire]"},"content":{"rendered":"<p>Allez, un nouveau probl\u00e8me avec le blog !<\/p>\n<p>Impossible ce matin d&rsquo;uploader le moindre m\u00e9dia (image), ni m\u00eame un th\u00e8me (j&rsquo;ai test\u00e9 pour voir). J&rsquo;ai un message qui s&rsquo;affiche \u00ab\u00a0image.jpg n&rsquo;a pas pu \u00eatre mis en ligne <strong>Un dossier temporaire est manquant ! <\/strong><\/p>\n<p>Bref, \u00e7a a fonctionn\u00e9 jusqu&rsquo;\u00e0 vendredi (avant hier) et \u00e0 l&rsquo;instant plus du tout ! Probl\u00e8me d&rsquo;h\u00e9bergeur ? Bref, c&rsquo;est assez p\u00e9nible !<\/p>\n<p>\u00c0 voir sur la dur\u00e9e.<\/p>\n<p>\u00c9dit : en revanche, pas de souci pour publier un article. J&rsquo;ai m\u00eame essay\u00e9 avec un autre navigateur que Safari, et le probl\u00e8me est identique.<\/p>\n<p>Autre information, je me dis, je vais refaire une mise \u00e0 jour de wordpress, on ne sait jamais :<\/p>\n<blockquote>\n<p>T\u00e9l\u00e9chargement de la mise \u00e0 jour depuis <span class=\"code\">https:\/\/downloads.wordpress.org\/release\/fr_FR\/wordpress-4.4.2.zip<\/span>\u2026<\/p>\n<p>Le t\u00e9l\u00e9chargement a \u00e9chou\u00e9.: Impossible d\u2019ouvrir le gestionnaire de fopen() pour \/tmp\/wordpress-4.4.2-bds3rv.tmp<\/p>\n<p>\u00c9chec de l\u2019installation<\/p>\n<\/blockquote>\n<p>\u00a0<\/p>\n<p>\u00c9dit mise \u00e0 jour : <a href=\"https:\/\/joseph-isola.info\/Sardequin\/le-feuilleton-de-lupload-des-images-et-autres-medias\/\" target=\"_blank\" rel=\"noopener\">La et fin suite ici<\/a>\u00a0(le probl\u00e8me a donc \u00e9t\u00e9 r\u00e9solu par OVH, il s\u2019agissait d\u2019un bug sur le serveur et pas d\u2019un probl\u00e8me WordPress ! Suivre le lien pour plus d&rsquo;explications) !<\/p>\n\n\n<figure class=\"wp-block-embed-wordpress wp-block-embed is-type-wp-embed is-provider-le-blog-notes\">\n<blockquote class=\"wp-embedded-content\" data-secret=\"VClW5WHqTE\"><a href=\"https:\/\/joseph-isola.info\/Sardequin\/le-feuilleton-de-lupload-des-images-et-autres-medias\/\">Le feuilleton de l\u2019upload des images et autres m\u00e9dias ! [Fin de l\u2019histoire]<\/a><\/blockquote><iframe loading=\"lazy\" class=\"wp-embedded-content\" sandbox=\"allow-scripts\" security=\"restricted\" style=\"position: absolute; clip: rect(1px, 1px, 1px, 1px);\" title=\"\u00ab\u00a0Le feuilleton de l\u2019upload des images et autres m\u00e9dias ! [Fin de l\u2019histoire]\u00a0\u00bb &#8212; LE BLOG NOTES\" src=\"https:\/\/joseph-isola.info\/Sardequin\/le-feuilleton-de-lupload-des-images-et-autres-medias\/embed\/#?secret=0HEXldQv6p#?secret=VClW5WHqTE\" data-secret=\"VClW5WHqTE\" width=\"600\" height=\"338\" frameborder=\"0\" marginwidth=\"0\" marginheight=\"0\" scrolling=\"no\"><\/iframe>\n<\/figure>\n","protected":false},"excerpt":{"rendered":"<p>Allez, un nouveau probl\u00e8me avec le blog ! Impossible ce matin d&rsquo;uploader le moindre m\u00e9dia<\/p>\n","protected":false},"author":5,"featured_media":0,"comment_status":"open","ping_status":"open","sticky":false,"template":"","format":"standard","meta":{"_jetpack_memberships_contains_paid_content":false,"footnotes":"","jetpack_publicize_message":"","jetpack_publicize_feature_enabled":true,"jetpack_social_post_already_shared":true,"jetpack_social_options":{"image_generator_settings":{"template":"highway","default_image_id":0,"font":"","enabled":false},"version":2}},"categories":[1],"tags":[27],"class_list":["post-4519","post","type-post","status-publish","format-standard","hentry","category-jour-en-jours","tag-humeur"],"jetpack_publicize_connections":[],"jetpack_featured_media_url":"","jetpack_likes_enabled":true,"jetpack_sharing_enabled":true,"_links":{"self":[{"href":"https:\/\/joseph-isola.info\/Sardequin\/wp-json\/wp\/v2\/posts\/4519","targetHints":{"allow":["GET"]}}],"collection":[{"href":"https:\/\/joseph-isola.info\/Sardequin\/wp-json\/wp\/v2\/posts"}],"about":[{"href":"https:\/\/joseph-isola.info\/Sardequin\/wp-json\/wp\/v2\/types\/post"}],"author":[{"embeddable":true,"href":"https:\/\/joseph-isola.info\/Sardequin\/wp-json\/wp\/v2\/users\/5"}],"replies":[{"embeddable":true,"href":"https:\/\/joseph-isola.info\/Sardequin\/wp-json\/wp\/v2\/comments?post=4519"}],"version-history":[{"count":0,"href":"https:\/\/joseph-isola.info\/Sardequin\/wp-json\/wp\/v2\/posts\/4519\/revisions"}],"wp:attachment":[{"href":"https:\/\/joseph-isola.info\/Sardequin\/wp-json\/wp\/v2\/media?parent=4519"}],"wp:term":[{"taxonomy":"category","embeddable":true,"href":"https:\/\/joseph-isola.info\/Sardequin\/wp-json\/wp\/v2\/categories?post=4519"},{"taxonomy":"post_tag","embeddable":true,"href":"https:\/\/joseph-isola.info\/Sardequin\/wp-json\/wp\/v2\/tags?post=4519"}],"curies":[{"name":"wp","href":"https:\/\/api.w.org\/{rel}","templated":true}]}}