{"id":4528,"date":"2016-03-27T18:14:14","date_gmt":"2016-03-27T16:14:14","guid":{"rendered":"http:\/\/joseph-isola.info\/Sardequin\/?p=4528"},"modified":"2016-03-27T21:40:17","modified_gmt":"2016-03-27T19:40:17","slug":"my-generation","status":"publish","type":"post","link":"https:\/\/joseph-isola.info\/Sardequin\/my-generation\/","title":{"rendered":"My Generation"},"content":{"rendered":"<p style=\"text-align: justify;\">Alors, hier, j\u2019ai fait une affaire \u00e0 la Fnac d\u2019Aix en Provence. Oui, vous avez bien lu, une affaire, Fnac\u2026 Difficile \u00e0 croire non ?<\/p>\n<p style=\"text-align: justify;\">Et pourtant, il se trouve que la Fnac (j\u2019en cause vite fait ici dans <a href=\"https:\/\/joseph-isola.info\/Sardequin\/le-match-foire-aux-disques-daix-0-fnac-et-vide-greniers-3\/\" target=\"_blank\">cet article dat\u00e9 de samedi 26 mars<\/a>) \u00e0 mis en rayon quelques vinyles au tarif tr\u00e8s attractif de 10\u20ac tout rond. ce qui change des galettes \u00e0 25, 30 ou plus). Bref, j\u2019ai fini par me d\u00e9cider, et sur les deux albums achet\u00e9, <img loading=\"lazy\" decoding=\"async\" class=\"alignleft\" src=\"http:\/\/sardequin.jalbum.net\/Vinyles\/slides\/The%20Who%20-%20My%20Generation.jpg\" alt=\"\" width=\"452\" height=\"446\" \/>celui-l\u00e0 va faire l\u2019objet d\u2019une petite chronique.<\/p>\n<h2 style=\"text-align: justify;\">My Generation<\/h2>\n<p style=\"text-align: justify;\">Le premier album de <strong>The Who<\/strong> paru en 1965. Rien que sur cet album, deux titres devenus des incontournables du Rock : <strong>My Generation<\/strong> et <strong>The Kids are alright<\/strong>.<br \/>\nOn y trouve aussi, sur l\u2019\u00e9dition anglaise, des reprises de James Brown et d\u2019autres compos\u00e9 de Pete Townshend fortement influenc\u00e9es par le R&amp;B. \u00c7a donne un album qui transpire l\u2019urgence. My Generation, titre phare qui donne son nom \u00e0 l\u2019album est une chanson puissante, agressive et brute. En un sens, elle pr\u00e9figure aussi le mouvement Punk (mais on pouvait en dire autant d\u2019autres chansons de la m\u00eame p\u00e9riode).<\/p>\n<p style=\"text-align: justify;\">Avec ce premier disque, The Who se place d\u2019une certaine mani\u00e8re un peu en dehors de la production de l\u2019\u00e9poque, avec plus de puissance, plus d\u2019agressivit\u00e9. Keith Moon y fait d\u00e9j\u00e0 entendre sa batterie surpuissante, et John Entwistle montre que la basse peut \u00eatre aussi un instrument puissant mais aussi capable de faire des solos.<\/p>\n<p style=\"text-align: justify;\">En bref, un album intense et puissant ! Un bijou rock !<\/p>\n<p style=\"text-align: justify;\">L\u2019album d\u00e9nich\u00e9 \u00e0 la Fnac est bien entendu une r\u00e9\u00e9dition (sans doute de 2015), mais\u00a0de belle facture, son mono comme \u00e0 l\u2019\u00e9poque et pochette identique). Un vrai bonheur donc.<\/p>\n<p>&nbsp;<\/p>\n<p>&nbsp;<\/p>\n<audio class=\"wp-audio-shortcode\" id=\"audio-4528-1\" preload=\"none\" style=\"width: 100%;\" controls=\"controls\"><source type=\"audio\/mpeg\" src=\"http:\/\/joseph-isola.info\/son\/MyGeneration.mp3?_=1\" \/><a href=\"http:\/\/joseph-isola.info\/son\/MyGeneration.mp3\">http:\/\/joseph-isola.info\/son\/MyGeneration.mp3<\/a><\/audio>\n<p style=\"text-align: center;\"><span style=\"color: #808080;\"><em>(Bon, au vu des probl\u00e8mes d\u2019upload, j\u2019ai quand m\u00eame r\u00e9ussi \u00e0 contourner le souci, pour vous proposer cette version originale de <strong>My Generation<\/strong>)<\/em><\/span><\/p>\n<p style=\"text-align: center;\">\n","protected":false},"excerpt":{"rendered":"<p>Alors, hier, j\u2019ai fait une affaire \u00e0 la Fnac d\u2019Aix en Provence. Oui, vous avez<\/p>\n","protected":false},"author":5,"featured_media":4542,"comment_status":"open","ping_status":"open","sticky":false,"template":"","format":"standard","meta":{"_jetpack_memberships_contains_paid_content":false,"footnotes":"","jetpack_publicize_message":"","jetpack_publicize_feature_enabled":true,"jetpack_social_post_already_shared":true,"jetpack_social_options":{"image_generator_settings":{"template":"highway","default_image_id":0,"font":"","enabled":false},"version":2}},"categories":[68,122,16,62],"tags":[20,84,19],"class_list":["post-4528","post","type-post","status-publish","format-standard","has-post-thumbnail","hentry","category-musique","category-rock","category-sur-ma-platine","category-vinyles","tag-musique","tag-sur-ma-platine","tag-vinyles"],"jetpack_publicize_connections":[],"jetpack_featured_media_url":"https:\/\/joseph-isola.info\/Sardequin\/wp-content\/uploads\/2016\/03\/The-Who-My-Generation.jpg","jetpack_likes_enabled":true,"jetpack_sharing_enabled":true,"_links":{"self":[{"href":"https:\/\/joseph-isola.info\/Sardequin\/wp-json\/wp\/v2\/posts\/4528","targetHints":{"allow":["GET"]}}],"collection":[{"href":"https:\/\/joseph-isola.info\/Sardequin\/wp-json\/wp\/v2\/posts"}],"about":[{"href":"https:\/\/joseph-isola.info\/Sardequin\/wp-json\/wp\/v2\/types\/post"}],"author":[{"embeddable":true,"href":"https:\/\/joseph-isola.info\/Sardequin\/wp-json\/wp\/v2\/users\/5"}],"replies":[{"embeddable":true,"href":"https:\/\/joseph-isola.info\/Sardequin\/wp-json\/wp\/v2\/comments?post=4528"}],"version-history":[{"count":0,"href":"https:\/\/joseph-isola.info\/Sardequin\/wp-json\/wp\/v2\/posts\/4528\/revisions"}],"wp:featuredmedia":[{"embeddable":true,"href":"https:\/\/joseph-isola.info\/Sardequin\/wp-json\/wp\/v2\/media\/4542"}],"wp:attachment":[{"href":"https:\/\/joseph-isola.info\/Sardequin\/wp-json\/wp\/v2\/media?parent=4528"}],"wp:term":[{"taxonomy":"category","embeddable":true,"href":"https:\/\/joseph-isola.info\/Sardequin\/wp-json\/wp\/v2\/categories?post=4528"},{"taxonomy":"post_tag","embeddable":true,"href":"https:\/\/joseph-isola.info\/Sardequin\/wp-json\/wp\/v2\/tags?post=4528"}],"curies":[{"name":"wp","href":"https:\/\/api.w.org\/{rel}","templated":true}]}}