{"id":4683,"date":"2016-04-16T14:53:23","date_gmt":"2016-04-16T12:53:23","guid":{"rendered":"http:\/\/joseph-isola.info\/Sardequin\/?p=4683"},"modified":"2016-04-16T18:13:09","modified_gmt":"2016-04-16T16:13:09","slug":"live-at-the-aquarius-theatre-the-doors","status":"publish","type":"post","link":"https:\/\/joseph-isola.info\/Sardequin\/live-at-the-aquarius-theatre-the-doors\/","title":{"rendered":"Live At The Aquarius Theatre &#8211; The Doors"},"content":{"rendered":"<p style=\"text-align: justify;\">\u00c7a y\u2019est, j\u2019ai fait mon Disquaire Day.<br \/>\nPour tout dire, j\u2019ai juste craqu\u00e9 sur un album, un triple LP <strong>The Doors &#8211; Live At The Aquarius Theatre<\/strong>. Belle pochette, vinyles transparents et pour 39\u20ac (quand m\u00eame, mais rapport\u00e9 au vinyle, \u00e7a passe).<\/p>\n<p style=\"text-align: justify;\"><a href=\"https:\/\/joseph-isola.info\/Sardequin\/wp-content\/uploads\/2016\/04\/Doors-Live-At-The-Aquarius-Theatre.jpg\"><img loading=\"lazy\" decoding=\"async\" class=\"sise-full alignleft wp-image-4738\" src=\"https:\/\/joseph-isola.info\/Sardequin\/wp-content\/uploads\/2016\/04\/Doors-Live-At-The-Aquarius-Theatre.jpg\" alt=\"Album Vinyle : The Doors - Live At The Aquarius Theatre\" width=\"554\" height=\"554\" srcset=\"https:\/\/joseph-isola.info\/Sardequin\/wp-content\/uploads\/2016\/04\/Doors-Live-At-The-Aquarius-Theatre.jpg 1000w, https:\/\/joseph-isola.info\/Sardequin\/wp-content\/uploads\/2016\/04\/Doors-Live-At-The-Aquarius-Theatre-110x110.jpg 110w, https:\/\/joseph-isola.info\/Sardequin\/wp-content\/uploads\/2016\/04\/Doors-Live-At-The-Aquarius-Theatre-600x600.jpg 600w, https:\/\/joseph-isola.info\/Sardequin\/wp-content\/uploads\/2016\/04\/Doors-Live-At-The-Aquarius-Theatre-830x830.jpg 830w, https:\/\/joseph-isola.info\/Sardequin\/wp-content\/uploads\/2016\/04\/Doors-Live-At-The-Aquarius-Theatre-230x230.jpg 230w, https:\/\/joseph-isola.info\/Sardequin\/wp-content\/uploads\/2016\/04\/Doors-Live-At-The-Aquarius-Theatre-350x350.jpg 350w\" sizes=\"auto, (max-width: 554px) 100vw, 554px\" \/><\/a><br \/>\nPour aller jusqu\u2019au bout du propos, le choix \u00e9tait h\u00e9las limit\u00e9. J\u2019avais des vues sur un Live de Johnny Thunders &amp; The Heartbreakers, ou encore sur un album de Jay Reatard. Mais non, pas en rayon. En discutant avec le disquaire, il a reconnu que il n\u2019avait de toute mani\u00e8re pas re\u00e7u la moiti\u00e9 de ce qu\u2019il avait command\u00e9, et comme les quantit\u00e9s sont limit\u00e9es, il faut \u00ab partager \u00bb avec les autres disquaires ind\u00e9pendants en France, en Europe et partout ailleurs.<\/p>\n<p style=\"text-align: justify;\">Bref, la m\u00eame chose se r\u00e9p\u00e8te chaque ann\u00e9e, avec un choix pas toujours foisonnant, sans compter certains albums qui n\u2019y sont pas (alors qu\u2019annonc\u00e9s) et sans compter les tarifs d\u00e9lirants pour certains disques. Le pire, c\u2019est que sur Discogs, l\u2019album est d\u00e9j\u00e0 en vente, \u00e0 plus de 60\u20ac ! Sont fous !<br \/>\n<span style=\"font-size: 10pt;\">(Petit \u00e9dit : le prix baisse, avec le nombre de copie qui est pass\u00e9 de 8 \u00e0 17, \u00e7a devient presque raisonnable)<\/span><br \/>\nMaintenant, il ne me reste plus qu\u2019\u00e0 le poser sur la platine.<\/p>\n<p style=\"text-align: justify;\">Sinon, comme pr\u00e9vu, je suis all\u00e9 \u00e0 Vitrolles, et j\u2019ai donc d\u00e9couvert \u00e0 cette occasion un disquaire, Trenkdill Music Store. Plut\u00f4t sp\u00e9cialis\u00e9 \u00e0 ce qu\u2019il me semble dans la musique qui fait beaucoup de bruit &#8211; Punk &#8211; Hardcore &#8211; Metal (tous les styles de Metal), du neuf et de l\u2019occasion (tous les styles) ! Tout jeune magasin \u00e0 mon avis, pas plus de deux ann\u00e9es d\u2019existence. Donc\u00a0\u00e0 conserver dans les contacts, et \u00e0 y retourner de temps en temps.<\/p>\n","protected":false},"excerpt":{"rendered":"<p>\u00c7a y\u2019est, j\u2019ai fait mon Disquaire Day. Pour tout dire, j\u2019ai juste craqu\u00e9 sur un<\/p>\n","protected":false},"author":5,"featured_media":4738,"comment_status":"open","ping_status":"open","sticky":false,"template":"","format":"standard","meta":{"_jetpack_memberships_contains_paid_content":false,"footnotes":"","jetpack_publicize_message":"","jetpack_publicize_feature_enabled":true,"jetpack_social_post_already_shared":true,"jetpack_social_options":{"image_generator_settings":{"template":"highway","default_image_id":0,"font":"","enabled":false},"version":2}},"categories":[68,122,16,62],"tags":[20,84,143,19],"class_list":["post-4683","post","type-post","status-publish","format-standard","has-post-thumbnail","hentry","category-musique","category-rock","category-sur-ma-platine","category-vinyles","tag-musique","tag-sur-ma-platine","tag-the-doors","tag-vinyles"],"jetpack_publicize_connections":[],"jetpack_featured_media_url":"https:\/\/joseph-isola.info\/Sardequin\/wp-content\/uploads\/2016\/04\/Doors-Live-At-The-Aquarius-Theatre.jpg","jetpack_likes_enabled":true,"jetpack_sharing_enabled":true,"_links":{"self":[{"href":"https:\/\/joseph-isola.info\/Sardequin\/wp-json\/wp\/v2\/posts\/4683","targetHints":{"allow":["GET"]}}],"collection":[{"href":"https:\/\/joseph-isola.info\/Sardequin\/wp-json\/wp\/v2\/posts"}],"about":[{"href":"https:\/\/joseph-isola.info\/Sardequin\/wp-json\/wp\/v2\/types\/post"}],"author":[{"embeddable":true,"href":"https:\/\/joseph-isola.info\/Sardequin\/wp-json\/wp\/v2\/users\/5"}],"replies":[{"embeddable":true,"href":"https:\/\/joseph-isola.info\/Sardequin\/wp-json\/wp\/v2\/comments?post=4683"}],"version-history":[{"count":0,"href":"https:\/\/joseph-isola.info\/Sardequin\/wp-json\/wp\/v2\/posts\/4683\/revisions"}],"wp:featuredmedia":[{"embeddable":true,"href":"https:\/\/joseph-isola.info\/Sardequin\/wp-json\/wp\/v2\/media\/4738"}],"wp:attachment":[{"href":"https:\/\/joseph-isola.info\/Sardequin\/wp-json\/wp\/v2\/media?parent=4683"}],"wp:term":[{"taxonomy":"category","embeddable":true,"href":"https:\/\/joseph-isola.info\/Sardequin\/wp-json\/wp\/v2\/categories?post=4683"},{"taxonomy":"post_tag","embeddable":true,"href":"https:\/\/joseph-isola.info\/Sardequin\/wp-json\/wp\/v2\/tags?post=4683"}],"curies":[{"name":"wp","href":"https:\/\/api.w.org\/{rel}","templated":true}]}}