{"id":5359,"date":"2016-07-03T17:57:25","date_gmt":"2016-07-03T15:57:25","guid":{"rendered":"http:\/\/joseph-isola.info\/Sardequin\/?p=5359"},"modified":"2016-07-03T17:57:25","modified_gmt":"2016-07-03T15:57:25","slug":"les-vinyles-du-jour-3-juillet-2016-et-jim-morrison","status":"publish","type":"post","link":"https:\/\/joseph-isola.info\/Sardequin\/les-vinyles-du-jour-3-juillet-2016-et-jim-morrison\/","title":{"rendered":"Les vinyles du jour (3 juillet 2016) et Jim Morrison."},"content":{"rendered":"<h1 style=\"text-align: center;\">VIDE-GRENIERS du 3 juillet 2016<\/h1>\n<p><a href=\"http:\/\/sardequin.jalbum.net\/Vinyles\/slides\/recolte3juillet2016.jpg\"><img loading=\"lazy\" decoding=\"async\" class=\"aligncenter\" src=\"http:\/\/sardequin.jalbum.net\/Vinyles\/slides\/recolte3juillet2016.jpg\" alt=\"La r\u00e9colte vinyles du 3 juillet\" width=\"960\" height=\"549\" \/><\/a><\/p>\n<p>&nbsp;<\/p>\n<p style=\"text-align: justify;\">Deux vide-greniers seulement, passons tr\u00e8s vite sur le second, pas un seul disque int\u00e9ressant ! Sur le premier vide-greniers, la r\u00e9colte ci-dessus dans un premier stand. Du blues, avec <strong>Ry Cooder<\/strong> et un bluesman fran\u00e7ais <strong>Beno\u00eet Blue Boy<\/strong> (\u00e7a me ram\u00e8ne loin en arri\u00e8re), une curiosit\u00e9 avec un album de <strong>Slade<\/strong>, glam rock bas du plafond, mais dans une pochette techno japonaise, de la country, avec un\u00a0certain <strong>Randy Travis<\/strong> (inconnu au bataillon) un <strong>Fleetwood Mac<\/strong> et la BO d\u2019un remake de <em>Metropolis<\/em> par <strong>Giorgo Moroder<\/strong>. Mais pour 5\u20ac les 6 disques, le risque n\u2019est pas bien grand.<\/p>\n<p style=\"text-align: justify;\">Et puis sur un autre stand pour 2\u20ac (sachant que le 45T \u00e9tait gliss\u00e9 \u00e0 l\u2019int\u00e9rieur de la pochette du 33T et que je ne &lsquo;lai vu qu\u2019en rentrant \u00e0 la maison) :<\/p>\n<p style=\"text-align: justify;\"><a href=\"http:\/\/sardequin.jalbum.net\/Vinyles\/slides\/3juillet2016recolte.jpg\"><img loading=\"lazy\" decoding=\"async\" class=\"aligncenter\" src=\"http:\/\/sardequin.jalbum.net\/Vinyles\/slides\/3juillet2016recolte.jpg\" alt=\"Suite de la r\u00e9colte du 3 juillet\" width=\"960\" height=\"560\" \/><\/a><\/p>\n<p style=\"text-align: justify;\">De <strong>Lonnie Youngblood<\/strong>, je sais juste que c\u2019est un saxophoniste qui a jou\u00e9 r\u00e9guli\u00e8rement avec Jimi Hendrix et que cet album est un album de Soul Jazz. Bref, une petite r\u00e9colte dominicale, mais rien que le Youngblood est une trouvaille sympathique.<\/p>\n<h1 style=\"text-align: center;\">Jim Morrison<\/h1>\n<p>&nbsp;<\/p>\n<p style=\"text-align: justify;\">Le 3 juillet 1971, il y a d\u00e9j\u00e0 45 ans (fichtre), <strong>Jim Morrison<\/strong> tirait sa r\u00e9v\u00e9rence, \u00e0 l\u2019\u00e2ge de 27 ans, contribuant lui aussi \u00e0 alimenter la mal\u00e9diction des artistes rock mourant \u00e0 cet \u00e2ge. Je suis un fan des Doors, de Jim Morrison, et chaque fois que je tombe sur un album en vide-greniers, j\u2019ach\u00e8te. \u00c7a fait quelque temps d\u2019ailleurs, le dernier achat en date, c\u2019est un triple album (<strong>Live At The Aquarius<\/strong>).<\/p>\n<p style=\"text-align: justify;\"><a href=\"https:\/\/joseph-isola.info\/Sardequin\/wp-content\/uploads\/2016\/07\/jim.jpg\"><img loading=\"lazy\" decoding=\"async\" class=\"aligncenter size-full wp-image-5360\" src=\"https:\/\/joseph-isola.info\/Sardequin\/wp-content\/uploads\/2016\/07\/jim.jpg\" alt=\"Jim Morrison\" width=\"500\" height=\"719\" srcset=\"https:\/\/joseph-isola.info\/Sardequin\/wp-content\/uploads\/2016\/07\/jim.jpg 500w, https:\/\/joseph-isola.info\/Sardequin\/wp-content\/uploads\/2016\/07\/jim-230x331.jpg 230w, https:\/\/joseph-isola.info\/Sardequin\/wp-content\/uploads\/2016\/07\/jim-350x503.jpg 350w, https:\/\/joseph-isola.info\/Sardequin\/wp-content\/uploads\/2016\/07\/jim-480x690.jpg 480w\" sizes=\"auto, (max-width: 500px) 100vw, 500px\" \/><\/a><\/p>\n","protected":false},"excerpt":{"rendered":"<p>VIDE-GRENIERS du 3 juillet 2016 &nbsp; Deux vide-greniers seulement, passons tr\u00e8s vite sur le second,<\/p>\n","protected":false},"author":5,"featured_media":5360,"comment_status":"open","ping_status":"open","sticky":false,"template":"","format":"standard","meta":{"_jetpack_memberships_contains_paid_content":false,"footnotes":"","jetpack_publicize_message":"","jetpack_publicize_feature_enabled":true,"jetpack_social_post_already_shared":true,"jetpack_social_options":{"image_generator_settings":{"template":"highway","default_image_id":0,"font":"","enabled":false},"version":2}},"categories":[124,68,122,62],"tags":[24,220,55,19],"class_list":["post-5359","post","type-post","status-publish","format-standard","has-post-thumbnail","hentry","category-blues-jazz","category-musique","category-rock","category-vinyles","tag-image-du-jour-2","tag-jim-morrison","tag-vide-greniers","tag-vinyles"],"jetpack_publicize_connections":[],"jetpack_featured_media_url":"https:\/\/joseph-isola.info\/Sardequin\/wp-content\/uploads\/2016\/07\/jim.jpg","jetpack_likes_enabled":true,"jetpack_sharing_enabled":true,"_links":{"self":[{"href":"https:\/\/joseph-isola.info\/Sardequin\/wp-json\/wp\/v2\/posts\/5359","targetHints":{"allow":["GET"]}}],"collection":[{"href":"https:\/\/joseph-isola.info\/Sardequin\/wp-json\/wp\/v2\/posts"}],"about":[{"href":"https:\/\/joseph-isola.info\/Sardequin\/wp-json\/wp\/v2\/types\/post"}],"author":[{"embeddable":true,"href":"https:\/\/joseph-isola.info\/Sardequin\/wp-json\/wp\/v2\/users\/5"}],"replies":[{"embeddable":true,"href":"https:\/\/joseph-isola.info\/Sardequin\/wp-json\/wp\/v2\/comments?post=5359"}],"version-history":[{"count":0,"href":"https:\/\/joseph-isola.info\/Sardequin\/wp-json\/wp\/v2\/posts\/5359\/revisions"}],"wp:featuredmedia":[{"embeddable":true,"href":"https:\/\/joseph-isola.info\/Sardequin\/wp-json\/wp\/v2\/media\/5360"}],"wp:attachment":[{"href":"https:\/\/joseph-isola.info\/Sardequin\/wp-json\/wp\/v2\/media?parent=5359"}],"wp:term":[{"taxonomy":"category","embeddable":true,"href":"https:\/\/joseph-isola.info\/Sardequin\/wp-json\/wp\/v2\/categories?post=5359"},{"taxonomy":"post_tag","embeddable":true,"href":"https:\/\/joseph-isola.info\/Sardequin\/wp-json\/wp\/v2\/tags?post=5359"}],"curies":[{"name":"wp","href":"https:\/\/api.w.org\/{rel}","templated":true}]}}