{"id":5364,"date":"2016-07-05T00:26:56","date_gmt":"2016-07-04T22:26:56","guid":{"rendered":"http:\/\/joseph-isola.info\/Sardequin\/image-du-jour-abbaye-saint-victor\/"},"modified":"2016-07-05T08:55:32","modified_gmt":"2016-07-05T06:55:32","slug":"image-du-jour-abbaye-saint-victor","status":"publish","type":"post","link":"https:\/\/joseph-isola.info\/Sardequin\/image-du-jour-abbaye-saint-victor\/","title":{"rendered":"[image du jour] Abbaye Saint-Victor"},"content":{"rendered":"<h1 style=\"text-align: center;\">Concert de A Filetta au profit de l&rsquo;association SOS M\u00e9diterran\u00e9e.<span id=\"selectionBoundary_1467655251215_771610502153635\" class=\"rangySelectionBoundary\" style=\"line-height: 0; display: none;\"><\/span><\/h1>\n<p><a href=\"https:\/\/joseph-isola.info\/Sardequin\/wp-content\/uploads\/2016\/07\/img_3504.jpg\"><img loading=\"lazy\" decoding=\"async\" class=\"aligncenter wp-image-5363 size-full\" src=\"https:\/\/joseph-isola.info\/Sardequin\/wp-content\/uploads\/2016\/07\/img_3504.jpg\" alt=\"Abbaye Saint-Victor Marseille\" width=\"2448\" height=\"2448\" srcset=\"https:\/\/joseph-isola.info\/Sardequin\/wp-content\/uploads\/2016\/07\/img_3504.jpg 2448w, https:\/\/joseph-isola.info\/Sardequin\/wp-content\/uploads\/2016\/07\/img_3504-110x110.jpg 110w, https:\/\/joseph-isola.info\/Sardequin\/wp-content\/uploads\/2016\/07\/img_3504-600x600.jpg 600w, https:\/\/joseph-isola.info\/Sardequin\/wp-content\/uploads\/2016\/07\/img_3504-1280x1280.jpg 1280w, https:\/\/joseph-isola.info\/Sardequin\/wp-content\/uploads\/2016\/07\/img_3504-830x830.jpg 830w, https:\/\/joseph-isola.info\/Sardequin\/wp-content\/uploads\/2016\/07\/img_3504-230x230.jpg 230w, https:\/\/joseph-isola.info\/Sardequin\/wp-content\/uploads\/2016\/07\/img_3504-350x350.jpg 350w, https:\/\/joseph-isola.info\/Sardequin\/wp-content\/uploads\/2016\/07\/img_3504-480x480.jpg 480w\" sizes=\"auto, (max-width: 2448px) 100vw, 2448px\" \/><\/a><\/p>\n<p>Hier Soir au pied de l\u2019Abbaye Saint-Victor \u00e0 Marseille, concert de A Filetta au b\u00e9n\u00e9fice de l\u2019association <a href=\"http:\/\/www.sosmediterranee.fr\" target=\"_blank\">SOS M\u00e9diterran\u00e9e<\/a>\u00a0avec Sol\u00e8ne (ma ni\u00e8ce qui travaille pour l\u2019association) et ma maman. D\u2019autres images \u00e0 suivre.<\/p>\n","protected":false},"excerpt":{"rendered":"<p>Concert de A Filetta au profit de l&rsquo;association SOS M\u00e9diterran\u00e9e. Hier Soir au pied de<\/p>\n","protected":false},"author":5,"featured_media":5363,"comment_status":"open","ping_status":"open","sticky":false,"template":"","format":"image","meta":{"_jetpack_memberships_contains_paid_content":false,"footnotes":"","jetpack_publicize_message":"","jetpack_publicize_feature_enabled":true,"jetpack_social_post_already_shared":true,"jetpack_social_options":{"image_generator_settings":{"template":"highway","default_image_id":0,"font":"","enabled":false},"version":2}},"categories":[76,1,4,69],"tags":[24,205,117],"class_list":["post-5364","post","type-post","status-publish","format-image","has-post-thumbnail","hentry","category-bricolage","category-jour-en-jours","category-image-du-jour","category-photographies","tag-image-du-jour-2","tag-photo-of-the-day","tag-photographie","post_format-post-format-image"],"jetpack_publicize_connections":[],"jetpack_featured_media_url":"https:\/\/joseph-isola.info\/Sardequin\/wp-content\/uploads\/2016\/07\/img_3504.jpg","jetpack_likes_enabled":true,"jetpack_sharing_enabled":true,"_links":{"self":[{"href":"https:\/\/joseph-isola.info\/Sardequin\/wp-json\/wp\/v2\/posts\/5364","targetHints":{"allow":["GET"]}}],"collection":[{"href":"https:\/\/joseph-isola.info\/Sardequin\/wp-json\/wp\/v2\/posts"}],"about":[{"href":"https:\/\/joseph-isola.info\/Sardequin\/wp-json\/wp\/v2\/types\/post"}],"author":[{"embeddable":true,"href":"https:\/\/joseph-isola.info\/Sardequin\/wp-json\/wp\/v2\/users\/5"}],"replies":[{"embeddable":true,"href":"https:\/\/joseph-isola.info\/Sardequin\/wp-json\/wp\/v2\/comments?post=5364"}],"version-history":[{"count":0,"href":"https:\/\/joseph-isola.info\/Sardequin\/wp-json\/wp\/v2\/posts\/5364\/revisions"}],"wp:featuredmedia":[{"embeddable":true,"href":"https:\/\/joseph-isola.info\/Sardequin\/wp-json\/wp\/v2\/media\/5363"}],"wp:attachment":[{"href":"https:\/\/joseph-isola.info\/Sardequin\/wp-json\/wp\/v2\/media?parent=5364"}],"wp:term":[{"taxonomy":"category","embeddable":true,"href":"https:\/\/joseph-isola.info\/Sardequin\/wp-json\/wp\/v2\/categories?post=5364"},{"taxonomy":"post_tag","embeddable":true,"href":"https:\/\/joseph-isola.info\/Sardequin\/wp-json\/wp\/v2\/tags?post=5364"}],"curies":[{"name":"wp","href":"https:\/\/api.w.org\/{rel}","templated":true}]}}