{"id":5537,"date":"2016-08-19T20:39:36","date_gmt":"2016-08-19T18:39:36","guid":{"rendered":"http:\/\/joseph-isola.info\/Sardequin\/?p=5537"},"modified":"2016-08-19T20:39:36","modified_gmt":"2016-08-19T18:39:36","slug":"histoire-de-dire-quelque-chose","status":"publish","type":"post","link":"https:\/\/joseph-isola.info\/Sardequin\/histoire-de-dire-quelque-chose\/","title":{"rendered":"Histoire de dire quelque chose"},"content":{"rendered":"<h1 style=\"text-align: center;\">Alors, en fait,<\/h1>\n<p style=\"text-align: justify;\">Normalement, ce soir, je suis en vacances. Mais, dimanche, je bosse, un service \u00e0 rendre, aider une dame handicap\u00e9e \u00e0 manger. Et puis dimanche soir, enfin vacances, si tout va bien. Un petit verre de ros\u00e9 qui frappe dans le pif pour \u00e9crire cet article, un CD d\u2019<a href=\"https:\/\/fr.wikipedia.org\/wiki\/Albert_King\" target=\"_blank\"><strong>Albert King<\/strong><\/a> qui tourne sur la platine et c\u2019est bon, mais\u00a0c\u2019est bon. Et puis demain samedi, une petite foire aux disques \u00e0 Aix en Provence. Pas eu le temps d\u2019y faire un tour aujourd\u2019hui, trop de boulot, 9 heures de rang au bureau et en allant faire des courses pour une gentille vieille dame. Et puis, sur le bureau, \u00e0 droite de cet ordinateur (en regardant l\u2019ordinateur donc), une pile de vinyles \u00e0 \u00e9couter. Et je peux vous dire que dans le tas, il va y en avoir qui vont passer \u00e0 l\u2019as. La vache, <strong>Albert King<\/strong>, c\u2019est vachement bon ! Et le ros\u00e9 \u00e7a aide ! Bon, sinon, c\u2019est quoi qui va passer \u00e0 la trappe ? D\u00e9j\u00e0 j\u2019ai deux disques \u00e0 \u00e9couter absolument, <strong>m\u00e9tronomie<\/strong> de <strong>Nino Ferrer<\/strong>, g\u00e9nial Nino, qui valait bien plus que les Gaston y\u2019a le t\u00e9l\u00e9fon et autre mirza, et puis le <strong>Trans Europe Express<\/strong> du <strong>Kraftwerk<\/strong> \u00e0 faire d\u00e9filer sur la platine (merci \u00e0 l\u2019ami Coltan du Forum <a href=\"http:\/\/www.raveup60.fr\" target=\"_blank\">RaveUp60<\/a> pour \u00e9change avec mon <strong>Art Ensemble Of Chicago<\/strong> que j\u2019avais en double). Mais par contre, pas certain que le <em><strong>Saint-Preux<\/strong><\/em> (mais pourquoi j\u2019ai pris ce truc ?), ni le <em><strong>Michel Melchione<\/strong><\/em> ne fasse long feu ! Bon, je vais quand m\u00eame \u00e9couter, faut donner leur chance \u00e0 tous ! Bon, demain, je vais quand m\u00eame faire un tour \u00e0 la foire aux disques. Et d\u00e9penser peu et bien, enfin, pas certain. Punaise, c\u2019est g\u00e9nial quand m\u00eame <strong>Albert King<\/strong> ! La preuve ?<\/p>\n<audio class=\"wp-audio-shortcode\" id=\"audio-5537-1\" preload=\"none\" style=\"width: 100%;\" controls=\"controls\"><source type=\"audio\/mpeg\" src=\"https:\/\/joseph-isola.info\/Sardequin\/wp-content\/uploads\/2016\/08\/Albert-King---I-Got-the-Blues.mp3?_=1\" \/><a href=\"https:\/\/joseph-isola.info\/Sardequin\/wp-content\/uploads\/2016\/08\/Albert-King---I-Got-the-Blues.mp3\">https:\/\/joseph-isola.info\/Sardequin\/wp-content\/uploads\/2016\/08\/Albert-King---I-Got-the-Blues.mp3<\/a><\/audio>\n<p style=\"text-align: justify;\"><em><strong>Albert King<\/strong><\/em> &#8211; <em><strong>I Got The Blues<\/strong><\/em>. Alors je vous pr\u00e9viens, c\u2019est long, 9 minutes de blues. C\u2019est interminable, 9 minutes de blues, \u00e7a s\u2019\u00e9tire, la guitare blues d\u2019<strong>Albert King<\/strong>. mais c\u2019est bon, comme le ros\u00e9 qui frappe !<\/p>\n<p style=\"text-align: justify;\">Bref, je vous laisse, j\u2019ai un disque \u00e0 finir d\u2019\u00e9couter (en ce moment, un autre titre interminable de pas loin de 10 minutes \u2014 <strong>Blues at Sunrise<\/strong> \u2014 et c\u2019est bon, comme du blues qui dure, qui dure, et qui ne devrait pas finir ! Et puis demain Foire aux Disques, je vous raconte \u00e7a quand j\u2019en reviens !<\/p>\n<p style=\"text-align: justify;\">PS : pas de jaloux, j\u2019ai aussi un CD de <strong>Freddie King<\/strong> \u00e0 \u00e9couter aussi ! Quant \u00e0 <strong>BB King<\/strong>, il ne perd\u00a0rien pour attendre !<\/p>\n<p style=\"text-align: justify;\">PS2 : vache de ros\u00e9 !<\/p>\n<p style=\"text-align: justify;\">\n","protected":false},"excerpt":{"rendered":"<p>Alors, en fait, Normalement, ce soir, je suis en vacances. Mais, dimanche, je bosse, un<\/p>\n","protected":false},"author":5,"featured_media":5541,"comment_status":"open","ping_status":"open","sticky":false,"template":"","format":"standard","meta":{"_jetpack_memberships_contains_paid_content":false,"footnotes":"","jetpack_publicize_message":"","jetpack_publicize_feature_enabled":true,"jetpack_social_post_already_shared":true,"jetpack_social_options":{"image_generator_settings":{"template":"highway","default_image_id":0,"font":"","enabled":false},"version":2}},"categories":[124,68,16],"tags":[239,53,150,20,84,55],"class_list":["post-5537","post","type-post","status-publish","format-standard","has-post-thumbnail","hentry","category-blues-jazz","category-musique","category-sur-ma-platine","tag-albert-king","tag-blues","tag-cd-audio","tag-musique","tag-sur-ma-platine","tag-vide-greniers"],"jetpack_publicize_connections":[],"jetpack_featured_media_url":"https:\/\/joseph-isola.info\/Sardequin\/wp-content\/uploads\/2016\/08\/maxresdefault.jpg","jetpack_likes_enabled":true,"jetpack_sharing_enabled":true,"_links":{"self":[{"href":"https:\/\/joseph-isola.info\/Sardequin\/wp-json\/wp\/v2\/posts\/5537","targetHints":{"allow":["GET"]}}],"collection":[{"href":"https:\/\/joseph-isola.info\/Sardequin\/wp-json\/wp\/v2\/posts"}],"about":[{"href":"https:\/\/joseph-isola.info\/Sardequin\/wp-json\/wp\/v2\/types\/post"}],"author":[{"embeddable":true,"href":"https:\/\/joseph-isola.info\/Sardequin\/wp-json\/wp\/v2\/users\/5"}],"replies":[{"embeddable":true,"href":"https:\/\/joseph-isola.info\/Sardequin\/wp-json\/wp\/v2\/comments?post=5537"}],"version-history":[{"count":0,"href":"https:\/\/joseph-isola.info\/Sardequin\/wp-json\/wp\/v2\/posts\/5537\/revisions"}],"wp:featuredmedia":[{"embeddable":true,"href":"https:\/\/joseph-isola.info\/Sardequin\/wp-json\/wp\/v2\/media\/5541"}],"wp:attachment":[{"href":"https:\/\/joseph-isola.info\/Sardequin\/wp-json\/wp\/v2\/media?parent=5537"}],"wp:term":[{"taxonomy":"category","embeddable":true,"href":"https:\/\/joseph-isola.info\/Sardequin\/wp-json\/wp\/v2\/categories?post=5537"},{"taxonomy":"post_tag","embeddable":true,"href":"https:\/\/joseph-isola.info\/Sardequin\/wp-json\/wp\/v2\/tags?post=5537"}],"curies":[{"name":"wp","href":"https:\/\/api.w.org\/{rel}","templated":true}]}}