{"id":6057,"date":"2017-01-05T21:48:18","date_gmt":"2017-01-05T20:48:18","guid":{"rendered":"http:\/\/joseph-isola.info\/Sardequin\/?p=6057"},"modified":"2017-01-05T21:48:18","modified_gmt":"2017-01-05T20:48:18","slug":"im-an-idiot-deuxieme-episode","status":"publish","type":"post","link":"https:\/\/joseph-isola.info\/Sardequin\/im-an-idiot-deuxieme-episode\/","title":{"rendered":"I\u2019m an idiot deuxi\u00e8me \u00e9pisode !"},"content":{"rendered":"<h1>Souvenez vous !<\/h1>\n<p>C\u2019\u00e9tait <a href=\"https:\/\/joseph-isola.info\/Sardequin\/im-an-idiot\/\" target=\"_blank\">ici<\/a>\u00a0! Le truc ballot, mais\u00a0ballot ! H\u00e9 bien figurez-vous que j\u2019ai fait rebelote ! Mais pas de la m\u00eame mani\u00e8re ! En fait, je glisse un CD dans le lecteur Cambridge et je me retrouve avec un son d\u2019une faiblesse \u00e0 endormir un mort, m\u00eame en mettant un disque de Hard Rock. Et pour retrouver un volume digne de ce nom, il me faut mettre le bouton du volume \u00e0 6 ou 7 sur l\u2019ampli Scott ! Bref, premier r\u00e9flexe, vous imaginez bien, pas de bouton mute enfonc\u00e9 ! Et puis, en passant sur l\u2019autre lecteur CD, bon son, et sur la platine vinyle, bon son ! Verdict, le Cambridge est en cause ! J\u2019ai m\u00eame essay\u00e9 de tout repasser sur le second ampli, le Luxman. Et l\u00e0, tout pareil ! Cambridge d\u00e9livre un volume sonore venant du fin fond d\u2019une cave sauf \u00e0 pousser le potentiom\u00e8tre du Luxman dans les hauteurs ! Bref, c\u2019est bien le Cambridge !<\/p>\n<h1>De guerre lasse,<\/h1>\n<p>Je rebranche tout sur le Scott, me r\u00e9signant \u00e0 monter le volume ! Et puis, je ne sais pas pourquoi, j\u2019ai eu une<\/p>\n<h1>Illumination<\/h1>\n<p>Je saisi la t\u00e9l\u00e9commande du Cambridge (tr\u00e8s pratique pour la lecture des DVD), et je me dis, \u00e7a serait pas \u00e7a, le petit bouton pour r\u00e9gler, monter et descendre le volume \u00e0 partir de la t\u00e9l\u00e9commande ? Et je me souviens d\u2019un coup, d\u2019un seul, que hier, le temps de passer un coup de fil \u00e0 ma maman, j\u2019ai baiss\u00e9 le volume \u00e0 partir de la t\u00e9l\u00e9commande, pour oublier de le remonter !<\/p>\n<h1>Voil\u00e0, voil\u00e0 !<\/h1>\n<p>Bis repetita\u2026<\/p>\n<p>I\u2019m an idiot parfois ! \ud83d\ude00<\/p>\n","protected":false},"excerpt":{"rendered":"<p>Souvenez vous ! C\u2019\u00e9tait ici\u00a0! Le truc ballot, mais\u00a0ballot ! H\u00e9 bien figurez-vous que j\u2019ai<\/p>\n","protected":false},"author":5,"featured_media":0,"comment_status":"open","ping_status":"open","sticky":false,"template":"","format":"standard","meta":{"_jetpack_memberships_contains_paid_content":false,"footnotes":"","jetpack_publicize_message":"","jetpack_publicize_feature_enabled":true,"jetpack_social_post_already_shared":true,"jetpack_social_options":{"image_generator_settings":{"template":"highway","default_image_id":0,"font":"","enabled":false},"version":2}},"categories":[1,68],"tags":[25,27],"class_list":["post-6057","post","type-post","status-publish","format-standard","hentry","category-jour-en-jours","category-musique","tag-blabla","tag-humeur"],"jetpack_publicize_connections":[],"jetpack_featured_media_url":"","jetpack_likes_enabled":true,"jetpack_sharing_enabled":true,"_links":{"self":[{"href":"https:\/\/joseph-isola.info\/Sardequin\/wp-json\/wp\/v2\/posts\/6057","targetHints":{"allow":["GET"]}}],"collection":[{"href":"https:\/\/joseph-isola.info\/Sardequin\/wp-json\/wp\/v2\/posts"}],"about":[{"href":"https:\/\/joseph-isola.info\/Sardequin\/wp-json\/wp\/v2\/types\/post"}],"author":[{"embeddable":true,"href":"https:\/\/joseph-isola.info\/Sardequin\/wp-json\/wp\/v2\/users\/5"}],"replies":[{"embeddable":true,"href":"https:\/\/joseph-isola.info\/Sardequin\/wp-json\/wp\/v2\/comments?post=6057"}],"version-history":[{"count":0,"href":"https:\/\/joseph-isola.info\/Sardequin\/wp-json\/wp\/v2\/posts\/6057\/revisions"}],"wp:attachment":[{"href":"https:\/\/joseph-isola.info\/Sardequin\/wp-json\/wp\/v2\/media?parent=6057"}],"wp:term":[{"taxonomy":"category","embeddable":true,"href":"https:\/\/joseph-isola.info\/Sardequin\/wp-json\/wp\/v2\/categories?post=6057"},{"taxonomy":"post_tag","embeddable":true,"href":"https:\/\/joseph-isola.info\/Sardequin\/wp-json\/wp\/v2\/tags?post=6057"}],"curies":[{"name":"wp","href":"https:\/\/api.w.org\/{rel}","templated":true}]}}