{"id":6155,"date":"2017-02-12T18:35:21","date_gmt":"2017-02-12T17:35:21","guid":{"rendered":"http:\/\/joseph-isola.info\/Sardequin\/?p=6155"},"modified":"2017-02-12T18:35:21","modified_gmt":"2017-02-12T17:35:21","slug":"seconde-chance-a-wendy-carlos","status":"publish","type":"post","link":"https:\/\/joseph-isola.info\/Sardequin\/seconde-chance-a-wendy-carlos\/","title":{"rendered":"Seconde chance \u00e0 Wendy Carlos !"},"content":{"rendered":"<h1>Seconde chance :<\/h1>\n<p>Il y a quelque temps, j\u2019ai d\u00e9nich\u00e9 en vide-greniers une curiosit\u00e9 musicale. JS Bach interpr\u00e9t\u00e9 au synth\u00e9tiseur Moog par Walter (Wendy) Carlos, pionnier de cet instrument ! J\u2019avais assez vite renonc\u00e9 \u00e0 l\u2019\u00e9couter en entier, arr\u00eatant au bout de 3 \u00e0 4 minutes. Et aujourd\u2019hui, j\u2019ai d\u00e9cid\u00e9 de le rep\u00eacher. Histoire de me faire une vraie opinion. Et honn\u00eatement, c\u2019est pas mal du tout ! C\u2019est m\u00eame tr\u00e8s respectueux de BACH dans le tempo et dans la fid\u00e9lit\u00e9 \u00e0 la partition. C\u2019est juste l\u2019instrument qui change, pas d\u2019orchestre, pas d\u2019instruments d\u2019\u00e9poque, pas de \u00ab trahison romantique \u00bb. Bref, c\u2019est vraiment pas mal du tout ! Comme quoi, il ne faut pas toujours s\u2019arr\u00eater \u00e0 une premi\u00e8re impression, et \u00e0 une \u00e9coute trop rapide et b\u00e2cl\u00e9e.<\/p>\n<div class=\"wp-playlist wp-audio-playlist wp-playlist-light\">\n\t\t\t<div class=\"wp-playlist-current-item\"><\/div>\n\t\t<audio controls=\"controls\" preload=\"none\" width=\"618\"\n\t\t\t><\/audio>\n\t<div class=\"wp-playlist-next\"><\/div>\n\t<div class=\"wp-playlist-prev\"><\/div>\n\t<noscript>\n\t<ol>\n\t\t<li><a href='https:\/\/joseph-isola.info\/Sardequin\/wp-content\/uploads\/2016\/11\/Wendy-Carlos-Sinfonia-to-Cantata-29.mp3'>wendy-carlos-sinfonia-to-cantata-29<\/a><\/li>\t<\/ol>\n\t<\/noscript>\n\t<script type=\"application\/json\" class=\"wp-playlist-script\">{\"type\":\"audio\",\"tracklist\":true,\"tracknumbers\":true,\"images\":true,\"artists\":true,\"tracks\":[{\"src\":\"https:\/\/joseph-isola.info\/Sardequin\/wp-content\/uploads\/2016\/11\/Wendy-Carlos-Sinfonia-to-Cantata-29.mp3\",\"type\":\"audio\/mpeg\",\"title\":\"wendy-carlos-sinfonia-to-cantata-29\",\"caption\":\"wendy-carlos-sinfonia-to-cantata-29\",\"description\":\"\\u003Ci\\u003Ewendy-carlos-sinfonia-to-cantata-29\\u003C\/i\\u003E.\",\"meta\":{\"artist\":\"Wendy Carlos\",\"album\":\"Switched-on Bach\",\"length_formatted\":\"3:25\"},\"image\":{\"src\":\"https:\/\/joseph-isola.info\/Sardequin\/wp-includes\/images\/media\/audio.svg\",\"width\":48,\"height\":64},\"thumb\":{\"src\":\"https:\/\/joseph-isola.info\/Sardequin\/wp-includes\/images\/media\/audio.svg\",\"width\":48,\"height\":64}}]}<\/script>\n<\/div>\n\t\n<p>Pour la peine, je vous remets cet extrait !<\/p>\n<p>Bien sur on est assez loin de l\u2019usage du Moog et du Synth\u00e9 qu\u2019en ferons les pionniers de la musique \u00e9lectronique ! Robert Moog a d\u2019ailleurs lui m\u00eame collabor\u00e9 avec W Carlos, c\u2019est dire que l\u2019adoubement de l\u2019inventeur compte. Et Wendy Carlos a par la suite collabor\u00e9 pour les musiques de films, rien moins qu\u2019avec Stanley Kubrick !<\/p>\n<p><a href=\"https:\/\/fr.wikipedia.org\/wiki\/Wendy_Carlos\" target=\"_blank\">https:\/\/fr.wikipedia.org\/wiki\/Wendy_Carlos<\/a><\/p>\n","protected":false},"excerpt":{"rendered":"<p>Seconde chance : Il y a quelque temps, j\u2019ai d\u00e9nich\u00e9 en vide-greniers une curiosit\u00e9 musicale.<\/p>\n","protected":false},"author":5,"featured_media":5818,"comment_status":"open","ping_status":"open","sticky":false,"template":"","format":"standard","meta":{"_jetpack_memberships_contains_paid_content":false,"footnotes":"","jetpack_publicize_message":"","jetpack_publicize_feature_enabled":true,"jetpack_social_post_already_shared":true,"jetpack_social_options":{"image_generator_settings":{"template":"highway","default_image_id":0,"font":"","enabled":false},"version":2}},"categories":[123,16,62],"tags":[20,84,264,55,19],"class_list":["post-6155","post","type-post","status-publish","format-standard","has-post-thumbnail","hentry","category-classique","category-sur-ma-platine","category-vinyles","tag-musique","tag-sur-ma-platine","tag-synthetiseur-moog","tag-vide-greniers","tag-vinyles"],"jetpack_publicize_connections":[],"jetpack_featured_media_url":"https:\/\/joseph-isola.info\/Sardequin\/wp-content\/uploads\/2016\/11\/Walter-Carlos-Switched-on-Bach.jpg","jetpack_likes_enabled":true,"jetpack_sharing_enabled":true,"_links":{"self":[{"href":"https:\/\/joseph-isola.info\/Sardequin\/wp-json\/wp\/v2\/posts\/6155","targetHints":{"allow":["GET"]}}],"collection":[{"href":"https:\/\/joseph-isola.info\/Sardequin\/wp-json\/wp\/v2\/posts"}],"about":[{"href":"https:\/\/joseph-isola.info\/Sardequin\/wp-json\/wp\/v2\/types\/post"}],"author":[{"embeddable":true,"href":"https:\/\/joseph-isola.info\/Sardequin\/wp-json\/wp\/v2\/users\/5"}],"replies":[{"embeddable":true,"href":"https:\/\/joseph-isola.info\/Sardequin\/wp-json\/wp\/v2\/comments?post=6155"}],"version-history":[{"count":0,"href":"https:\/\/joseph-isola.info\/Sardequin\/wp-json\/wp\/v2\/posts\/6155\/revisions"}],"wp:featuredmedia":[{"embeddable":true,"href":"https:\/\/joseph-isola.info\/Sardequin\/wp-json\/wp\/v2\/media\/5818"}],"wp:attachment":[{"href":"https:\/\/joseph-isola.info\/Sardequin\/wp-json\/wp\/v2\/media?parent=6155"}],"wp:term":[{"taxonomy":"category","embeddable":true,"href":"https:\/\/joseph-isola.info\/Sardequin\/wp-json\/wp\/v2\/categories?post=6155"},{"taxonomy":"post_tag","embeddable":true,"href":"https:\/\/joseph-isola.info\/Sardequin\/wp-json\/wp\/v2\/tags?post=6155"}],"curies":[{"name":"wp","href":"https:\/\/api.w.org\/{rel}","templated":true}]}}