{"id":6333,"date":"2017-04-22T14:57:39","date_gmt":"2017-04-22T12:57:39","guid":{"rendered":"http:\/\/joseph-isola.info\/Sardequin\/?p=6333"},"modified":"2017-04-23T11:45:22","modified_gmt":"2017-04-23T09:45:22","slug":"mon-disquaire-day-a-moi","status":"publish","type":"post","link":"https:\/\/joseph-isola.info\/Sardequin\/mon-disquaire-day-a-moi\/","title":{"rendered":"Mon disquaire Day \u00e0 moi !"},"content":{"rendered":"<h1>Aujourd\u2019hui, Disquaire Day !<\/h1>\n<p>Et bien sur l\u2019occasion d\u2019acheter des disques chers que jamais en temps normal on aurait pens\u00e9 acheter ! Et bien sur, je me suis fait mon Disquaire Day personnel ! Suis all\u00e9 \u00e0 Vitrolles, disquaire Trendkill Music Store. Vinyles, CD, instruments de musique, beaucoup de Hard Rock et de chouettes bacs avec des disques d\u2019occasion, \u00e0 des prix normaux et \u00e0 des tarifs de fou\u00a0! Mais bon, c\u2019est le jeu !<\/p>\n<p>Cot\u00e9 galettes du Disquaire Day, comme l\u2019an dernier, il fallait se lever t\u00f4t pour avoir du choix. Et bien sur, je ne me suis pas lev\u00e9 t\u00f4t ! De toute mani\u00e8re, peu de chance que les disques ayant attir\u00e9 mon attention dans la liste des sorties de ce jour soient dans les bacs ! Et c\u2019\u00e9tait le cas. J\u2019ai m\u00eame crois\u00e9 des clients qui avant de passer \u00e0 Vitrolles avaient fait la plupart de disquaires de Marseille, en vain ! Bref, comme vous allez le voir dans la photo ci-dessous, je me suis fait mon Disquaire Day \u00e0 moi, avec de l\u2019occasion, un peu cher pour un des albums et tr\u00e8s raisonnable pour les autres. Je vous laisse deviner lequel. Pour rire un peu, l\u2019an dernier, je n\u2019avais pris qu\u2019un seul album chez Trendkill (un triple Lp des Doors) et j\u2019avais d\u00e9bours\u00e9 presque autant qu\u2019aujourd\u2019hui ! Bon, 50 euros quand m\u00eame. L\u2019avantage c\u2019est que demain, je ne vais pas aller chiner, et dormir un peu plus longtemps le matin.<\/p>\n<p>Donc :\u00a0<a href=\"https:\/\/joseph-isola.info\/Sardequin\/wp-content\/uploads\/2017\/04\/mon-disquaire-day-a-moi.jpg\"><img loading=\"lazy\" decoding=\"async\" class=\"aligncenter size-full wp-image-6334\" src=\"https:\/\/joseph-isola.info\/Sardequin\/wp-content\/uploads\/2017\/04\/mon-disquaire-day-a-moi.jpg\" alt=\"Dylan, Stones, Cramps et Little Bob. 4 disques vinyles\" width=\"1439\" height=\"1000\" srcset=\"https:\/\/joseph-isola.info\/Sardequin\/wp-content\/uploads\/2017\/04\/mon-disquaire-day-a-moi.jpg 1439w, https:\/\/joseph-isola.info\/Sardequin\/wp-content\/uploads\/2017\/04\/mon-disquaire-day-a-moi-600x417.jpg 600w, https:\/\/joseph-isola.info\/Sardequin\/wp-content\/uploads\/2017\/04\/mon-disquaire-day-a-moi-1280x890.jpg 1280w, https:\/\/joseph-isola.info\/Sardequin\/wp-content\/uploads\/2017\/04\/mon-disquaire-day-a-moi-830x577.jpg 830w, https:\/\/joseph-isola.info\/Sardequin\/wp-content\/uploads\/2017\/04\/mon-disquaire-day-a-moi-230x160.jpg 230w, https:\/\/joseph-isola.info\/Sardequin\/wp-content\/uploads\/2017\/04\/mon-disquaire-day-a-moi-350x243.jpg 350w, https:\/\/joseph-isola.info\/Sardequin\/wp-content\/uploads\/2017\/04\/mon-disquaire-day-a-moi-480x334.jpg 480w\" sizes=\"auto, (max-width: 1439px) 100vw, 1439px\" \/><\/a><\/p>\n","protected":false},"excerpt":{"rendered":"<p>Aujourd\u2019hui, Disquaire Day ! Et bien sur l\u2019occasion d\u2019acheter des disques chers que jamais en<\/p>\n","protected":false},"author":5,"featured_media":6334,"comment_status":"open","ping_status":"open","sticky":false,"template":"","format":"standard","meta":{"_jetpack_memberships_contains_paid_content":false,"footnotes":"","jetpack_publicize_message":"","jetpack_publicize_feature_enabled":true,"jetpack_social_post_already_shared":true,"jetpack_social_options":{"image_generator_settings":{"template":"highway","default_image_id":0,"font":"","enabled":false},"version":2}},"categories":[122,16,62],"tags":[22,20,84,19],"class_list":["post-6333","post","type-post","status-publish","format-standard","has-post-thumbnail","hentry","category-rock","category-sur-ma-platine","category-vinyles","tag-bob-dylan","tag-musique","tag-sur-ma-platine","tag-vinyles"],"jetpack_publicize_connections":[],"jetpack_featured_media_url":"https:\/\/joseph-isola.info\/Sardequin\/wp-content\/uploads\/2017\/04\/mon-disquaire-day-a-moi.jpg","jetpack_likes_enabled":true,"jetpack_sharing_enabled":true,"_links":{"self":[{"href":"https:\/\/joseph-isola.info\/Sardequin\/wp-json\/wp\/v2\/posts\/6333","targetHints":{"allow":["GET"]}}],"collection":[{"href":"https:\/\/joseph-isola.info\/Sardequin\/wp-json\/wp\/v2\/posts"}],"about":[{"href":"https:\/\/joseph-isola.info\/Sardequin\/wp-json\/wp\/v2\/types\/post"}],"author":[{"embeddable":true,"href":"https:\/\/joseph-isola.info\/Sardequin\/wp-json\/wp\/v2\/users\/5"}],"replies":[{"embeddable":true,"href":"https:\/\/joseph-isola.info\/Sardequin\/wp-json\/wp\/v2\/comments?post=6333"}],"version-history":[{"count":0,"href":"https:\/\/joseph-isola.info\/Sardequin\/wp-json\/wp\/v2\/posts\/6333\/revisions"}],"wp:featuredmedia":[{"embeddable":true,"href":"https:\/\/joseph-isola.info\/Sardequin\/wp-json\/wp\/v2\/media\/6334"}],"wp:attachment":[{"href":"https:\/\/joseph-isola.info\/Sardequin\/wp-json\/wp\/v2\/media?parent=6333"}],"wp:term":[{"taxonomy":"category","embeddable":true,"href":"https:\/\/joseph-isola.info\/Sardequin\/wp-json\/wp\/v2\/categories?post=6333"},{"taxonomy":"post_tag","embeddable":true,"href":"https:\/\/joseph-isola.info\/Sardequin\/wp-json\/wp\/v2\/tags?post=6333"}],"curies":[{"name":"wp","href":"https:\/\/api.w.org\/{rel}","templated":true}]}}