{"id":6462,"date":"2017-06-06T19:58:38","date_gmt":"2017-06-06T17:58:38","guid":{"rendered":"http:\/\/joseph-isola.info\/Sardequin\/?p=6462"},"modified":"2017-06-06T19:59:04","modified_gmt":"2017-06-06T17:59:04","slug":"revelations","status":"publish","type":"post","link":"https:\/\/joseph-isola.info\/Sardequin\/revelations\/","title":{"rendered":"R\u00e9v\u00e9lations !"},"content":{"rendered":"<h1>19 !<\/h1>\n<ul>\n<li>De <strong>M\u00e9lusine<\/strong> (Folk traditionnel vraiment chouette) \u00e0 <strong>Fanny<\/strong>, 3 euros \u00e0 la Ressourcerie de Venelles. Fanny, c\u2019est sans doute le premier groupe de rock enti\u00e8rement f\u00e9minin dans les ann\u00e9es 70 (d\u00e9but). C\u2019est frais et vivifiant ! <strong>Pharoah Sanders<\/strong>, du Free Jazz, saxophoniste de talent, et le titre de la face B (20 minutes), hommage \u00e9vident \u00e0 John Coltrane est tout simplement monstrueux.<\/li>\n<li>De <strong>Rod Stewart<\/strong> (1 euro en vide-greniers), et de <strong>Jim Younger\u2019s Spirit<\/strong> \u00e0 <strong>Pierre Bensusan<\/strong>, au Skeuds Day de Lourmarin le samedi 3 juin pour 30 euros en tout ! Jim Younger\u2019s Spirit est un duo Aixois de Rock Psych\u00e9 qui s\u2019est produit le matin pendant la convention. J\u2019avoue, j\u2019ai bien aim\u00e9, et j\u2019ai achet\u00e9 l\u2019album aussit\u00f4t ! Et il est d\u00e9j\u00e0 pass\u00e9 sur la platine 3 fois. C\u2019est vraiment bon, si j\u2019ai un peu de temps, je balance un extrait (il y avait le CD avec le vinyle).<\/li>\n<li>De <strong>Gr\u00e6me Allwright<\/strong> \u00e0 <strong>Portal\/Pludermacher<\/strong> dans Brahms, un gros vide-greniers dimanche matin (pour 5\u20ac50 en tout). Le Portal\/Pludermacher est de grande classe. La pochette orange, c\u2019est un enregistrement sur le Label Kiosque d\u2019Orph\u00e9e, sp\u00e9cialis\u00e9 dans les trucs bizarres, amateurs et locaux. Pour ce disque, une pochette g\u00e9n\u00e9rique (habituelle au label) et des enregistrements de ch\u0153urs f\u00e9minin et masculins :\u00a0<a href=\"https:\/\/www.discogs.com\/fr\/Ecole-Normale-DInstitutrices-Et-Soci\u00e9t\u00e9-Des-Orph\u00e9onistes-DArras-Untitled\/release\/6229327\" target=\"_blank\" rel=\"noopener noreferrer\">Voir sur Discogs<\/a>\u00a0! Alors, na\u00efvement, je croyais que les \u00ab\u00a0orph\u00e9onistes, c\u2019\u00e9tait des instruments \u00e0 vent \ud83d\ude00 ! Mais non, de belles voix masculines. En tout cas, c\u2019est assez plaisant, l\u2019enregistrement est de bonne qualit\u00e9, les voix sont agr\u00e9ables. Et \u00e7a vaut un peu d\u2019argent. Un coll\u00e8gue d\u2019un forum collectionne les disques de ce label, un \u00e9change est alors possible.<\/li>\n<li>Les trois derniers de <strong>Dick Annegarn<\/strong> \u00e0 <strong>Ribeiro<\/strong>, vide-greniers du lundi de Pentec\u00f4te ! On ne pr\u00e9sente pas !<a href=\"https:\/\/joseph-isola.info\/Sardequin\/wp-content\/uploads\/2017\/06\/one.jpg\"><img loading=\"lazy\" decoding=\"async\" class=\"aligncenter size-large wp-image-6461\" src=\"https:\/\/joseph-isola.info\/Sardequin\/wp-content\/uploads\/2017\/06\/one-1280x1280.jpg\" alt=\"\" width=\"1170\" height=\"1170\" srcset=\"https:\/\/joseph-isola.info\/Sardequin\/wp-content\/uploads\/2017\/06\/one-1280x1280.jpg 1280w, https:\/\/joseph-isola.info\/Sardequin\/wp-content\/uploads\/2017\/06\/one-110x110.jpg 110w, https:\/\/joseph-isola.info\/Sardequin\/wp-content\/uploads\/2017\/06\/one-600x600.jpg 600w, https:\/\/joseph-isola.info\/Sardequin\/wp-content\/uploads\/2017\/06\/one-830x830.jpg 830w, https:\/\/joseph-isola.info\/Sardequin\/wp-content\/uploads\/2017\/06\/one-230x230.jpg 230w, https:\/\/joseph-isola.info\/Sardequin\/wp-content\/uploads\/2017\/06\/one-350x350.jpg 350w, https:\/\/joseph-isola.info\/Sardequin\/wp-content\/uploads\/2017\/06\/one-480x480.jpg 480w, https:\/\/joseph-isola.info\/Sardequin\/wp-content\/uploads\/2017\/06\/one.jpg 1500w\" sizes=\"auto, (max-width: 1170px) 100vw, 1170px\" \/><\/a><a href=\"https:\/\/joseph-isola.info\/Sardequin\/wp-content\/uploads\/2017\/06\/two.jpg\"><img loading=\"lazy\" decoding=\"async\" class=\"aligncenter size-large wp-image-6459\" src=\"https:\/\/joseph-isola.info\/Sardequin\/wp-content\/uploads\/2017\/06\/two-1280x1280.jpg\" alt=\"\" width=\"1170\" height=\"1170\" srcset=\"https:\/\/joseph-isola.info\/Sardequin\/wp-content\/uploads\/2017\/06\/two-1280x1280.jpg 1280w, https:\/\/joseph-isola.info\/Sardequin\/wp-content\/uploads\/2017\/06\/two-110x110.jpg 110w, https:\/\/joseph-isola.info\/Sardequin\/wp-content\/uploads\/2017\/06\/two-600x600.jpg 600w, https:\/\/joseph-isola.info\/Sardequin\/wp-content\/uploads\/2017\/06\/two-830x830.jpg 830w, https:\/\/joseph-isola.info\/Sardequin\/wp-content\/uploads\/2017\/06\/two-230x230.jpg 230w, https:\/\/joseph-isola.info\/Sardequin\/wp-content\/uploads\/2017\/06\/two-350x350.jpg 350w, https:\/\/joseph-isola.info\/Sardequin\/wp-content\/uploads\/2017\/06\/two-480x480.jpg 480w, https:\/\/joseph-isola.info\/Sardequin\/wp-content\/uploads\/2017\/06\/two.jpg 1500w\" sizes=\"auto, (max-width: 1170px) 100vw, 1170px\" \/><\/a><a href=\"https:\/\/joseph-isola.info\/Sardequin\/wp-content\/uploads\/2017\/06\/trois.jpg\"><img loading=\"lazy\" decoding=\"async\" class=\"aligncenter size-large wp-image-6460\" src=\"https:\/\/joseph-isola.info\/Sardequin\/wp-content\/uploads\/2017\/06\/trois-1280x426.jpg\" alt=\"\" width=\"1170\" height=\"389\" srcset=\"https:\/\/joseph-isola.info\/Sardequin\/wp-content\/uploads\/2017\/06\/trois-1280x426.jpg 1280w, https:\/\/joseph-isola.info\/Sardequin\/wp-content\/uploads\/2017\/06\/trois-600x200.jpg 600w, https:\/\/joseph-isola.info\/Sardequin\/wp-content\/uploads\/2017\/06\/trois-830x276.jpg 830w, https:\/\/joseph-isola.info\/Sardequin\/wp-content\/uploads\/2017\/06\/trois-230x77.jpg 230w, https:\/\/joseph-isola.info\/Sardequin\/wp-content\/uploads\/2017\/06\/trois-350x117.jpg 350w, https:\/\/joseph-isola.info\/Sardequin\/wp-content\/uploads\/2017\/06\/trois-480x160.jpg 480w, https:\/\/joseph-isola.info\/Sardequin\/wp-content\/uploads\/2017\/06\/trois.jpg 2000w\" sizes=\"auto, (max-width: 1170px) 100vw, 1170px\" \/><\/a><\/li>\n<\/ul>\n<p>&nbsp;<\/p>\n<p>\u00c7a fait un paquet d\u2019albums \u00e0 \u00e9couter, mais bon, j\u2019aime \u00e7a !<\/p>\n","protected":false},"excerpt":{"rendered":"<p>19 ! De M\u00e9lusine (Folk traditionnel vraiment chouette) \u00e0 Fanny, 3 euros \u00e0 la Ressourcerie<\/p>\n","protected":false},"author":5,"featured_media":1958,"comment_status":"open","ping_status":"open","sticky":false,"template":"","format":"standard","meta":{"_jetpack_memberships_contains_paid_content":false,"footnotes":"","jetpack_publicize_message":"","jetpack_publicize_feature_enabled":true,"jetpack_social_post_already_shared":true,"jetpack_social_options":{"image_generator_settings":{"template":"highway","default_image_id":0,"font":"","enabled":false},"version":2}},"categories":[124,126,123,280,68,122,125,16,62],"tags":[20,84,55,19],"class_list":["post-6462","post","type-post","status-publish","format-standard","has-post-thumbnail","hentry","category-blues-jazz","category-chanson","category-classique","category-electro","category-musique","category-rock","category-roots-reggae-world-et-autres","category-sur-ma-platine","category-vinyles","tag-musique","tag-sur-ma-platine","tag-vide-greniers","tag-vinyles"],"jetpack_publicize_connections":[],"jetpack_featured_media_url":"https:\/\/joseph-isola.info\/Sardequin\/wp-content\/uploads\/2014\/07\/bacs-vinyles.jpg","jetpack_likes_enabled":true,"jetpack_sharing_enabled":true,"_links":{"self":[{"href":"https:\/\/joseph-isola.info\/Sardequin\/wp-json\/wp\/v2\/posts\/6462","targetHints":{"allow":["GET"]}}],"collection":[{"href":"https:\/\/joseph-isola.info\/Sardequin\/wp-json\/wp\/v2\/posts"}],"about":[{"href":"https:\/\/joseph-isola.info\/Sardequin\/wp-json\/wp\/v2\/types\/post"}],"author":[{"embeddable":true,"href":"https:\/\/joseph-isola.info\/Sardequin\/wp-json\/wp\/v2\/users\/5"}],"replies":[{"embeddable":true,"href":"https:\/\/joseph-isola.info\/Sardequin\/wp-json\/wp\/v2\/comments?post=6462"}],"version-history":[{"count":0,"href":"https:\/\/joseph-isola.info\/Sardequin\/wp-json\/wp\/v2\/posts\/6462\/revisions"}],"wp:featuredmedia":[{"embeddable":true,"href":"https:\/\/joseph-isola.info\/Sardequin\/wp-json\/wp\/v2\/media\/1958"}],"wp:attachment":[{"href":"https:\/\/joseph-isola.info\/Sardequin\/wp-json\/wp\/v2\/media?parent=6462"}],"wp:term":[{"taxonomy":"category","embeddable":true,"href":"https:\/\/joseph-isola.info\/Sardequin\/wp-json\/wp\/v2\/categories?post=6462"},{"taxonomy":"post_tag","embeddable":true,"href":"https:\/\/joseph-isola.info\/Sardequin\/wp-json\/wp\/v2\/tags?post=6462"}],"curies":[{"name":"wp","href":"https:\/\/api.w.org\/{rel}","templated":true}]}}