{"id":7056,"date":"2017-09-23T20:30:43","date_gmt":"2017-09-23T18:30:43","guid":{"rendered":"http:\/\/joseph-isola.info\/Sardequin\/?p=7056"},"modified":"2017-09-23T20:55:40","modified_gmt":"2017-09-23T18:55:40","slug":"our-mother-the-mountain","status":"publish","type":"post","link":"https:\/\/joseph-isola.info\/Sardequin\/our-mother-the-mountain\/","title":{"rendered":"Our Mother The Mountain !"},"content":{"rendered":"<p><a href=\"https:\/\/joseph-isola.info\/Sardequin\/wp-content\/uploads\/2017\/07\/Townes-Van-Zandt.png\"><img loading=\"lazy\" decoding=\"async\" class=\"aligncenter size-large wp-image-6673\" src=\"https:\/\/joseph-isola.info\/Sardequin\/wp-content\/uploads\/2017\/07\/Townes-Van-Zandt-1280x268.png\" alt=\"\" width=\"1170\" height=\"245\" srcset=\"https:\/\/joseph-isola.info\/Sardequin\/wp-content\/uploads\/2017\/07\/Townes-Van-Zandt-1280x268.png 1280w, https:\/\/joseph-isola.info\/Sardequin\/wp-content\/uploads\/2017\/07\/Townes-Van-Zandt-600x126.png 600w, https:\/\/joseph-isola.info\/Sardequin\/wp-content\/uploads\/2017\/07\/Townes-Van-Zandt-830x174.png 830w, https:\/\/joseph-isola.info\/Sardequin\/wp-content\/uploads\/2017\/07\/Townes-Van-Zandt-230x48.png 230w, https:\/\/joseph-isola.info\/Sardequin\/wp-content\/uploads\/2017\/07\/Townes-Van-Zandt-350x73.png 350w, https:\/\/joseph-isola.info\/Sardequin\/wp-content\/uploads\/2017\/07\/Townes-Van-Zandt-480x101.png 480w\" sizes=\"auto, (max-width: 1170px) 100vw, 1170px\" \/><\/a><\/p>\n<p>&nbsp;<\/p>\n<p>J\u2019y reviens tr\u00e8s souvent ! D\u2019autant que j\u2019attends d\u2019ici quelques jours, dans la boite aux lettres, l\u2019album <strong>Our Mother The Mountain<\/strong>. Et comme je suis d\u2019humeur pensive en ce moment, cette musique me fait un bien fou ! Pas envie de dur, pas envie de guitares agressives, pas envie de jazz m\u00eame libre ! Juste de la m\u00e9lancolie ! Et une voix qui porte cette m\u00e9lancolie comme un rem\u00e8de \u00e0 la mienne !<\/p>\n<div class=\"wp-playlist wp-audio-playlist wp-playlist-light\">\n\t\t\t<div class=\"wp-playlist-current-item\"><\/div>\n\t\t<audio controls=\"controls\" preload=\"none\" width=\"618\"\n\t\t\t><\/audio>\n\t<div class=\"wp-playlist-next\"><\/div>\n\t<div class=\"wp-playlist-prev\"><\/div>\n\t<noscript>\n\t<ol>\n\t\t<li><a href='https:\/\/joseph-isola.info\/Sardequin\/wp-content\/uploads\/2017\/09\/08-Our-Mother-the-Mountain.mp3'>Our Mother the Mountain<\/a><\/li>\t<\/ol>\n\t<\/noscript>\n\t<script type=\"application\/json\" class=\"wp-playlist-script\">{\"type\":\"audio\",\"tracklist\":true,\"tracknumbers\":true,\"images\":true,\"artists\":true,\"tracks\":[{\"src\":\"https:\/\/joseph-isola.info\/Sardequin\/wp-content\/uploads\/2017\/09\/08-Our-Mother-the-Mountain.mp3\",\"type\":\"audio\/mpeg\",\"title\":\"Our Mother the Mountain\",\"caption\":\"\",\"description\":\"\\u003Ci\\u003EOur Mother the Mountain\\u003C\/i\\u003E tir\\u00e9 de \\u003Ci\\u003EOranga Hall - Hamilton First Set\\u003C\/i\\u003E par Townes Van Zandt. Piste 8. Genre&nbsp;: Folk\",\"meta\":{\"artist\":\"Townes Van Zandt\",\"album\":\"Oranga Hall - Hamilton First Set\",\"genre\":\"Folk\",\"length_formatted\":\"4:13\"},\"image\":{\"src\":\"https:\/\/joseph-isola.info\/Sardequin\/wp-content\/uploads\/2017\/07\/07-Flyin-Shoes-mp3-image.png\",\"width\":950,\"height\":950},\"thumb\":{\"src\":\"https:\/\/joseph-isola.info\/Sardequin\/wp-content\/uploads\/2017\/07\/07-Flyin-Shoes-mp3-image-110x110.png\",\"width\":110,\"height\":110}}]}<\/script>\n<\/div>\n\t\n<p><iframe loading=\"lazy\" src=\"\/\/www.youtube.com\/embed\/DW4XgQvcDsQ\" width=\"560\" height=\"314\" allowfullscreen=\"allowfullscreen\"><\/iframe><\/p>\n","protected":false},"excerpt":{"rendered":"<p>&nbsp; J\u2019y reviens tr\u00e8s souvent ! D\u2019autant que j\u2019attends d\u2019ici quelques jours, dans la boite<\/p>\n","protected":false},"author":5,"featured_media":6673,"comment_status":"open","ping_status":"open","sticky":false,"template":"","format":"standard","meta":{"_jetpack_memberships_contains_paid_content":false,"footnotes":"","jetpack_publicize_message":"","jetpack_publicize_feature_enabled":true,"jetpack_social_post_already_shared":true,"jetpack_social_options":{"image_generator_settings":{"template":"highway","default_image_id":0,"font":"","enabled":false},"version":2}},"categories":[124,68,122,16],"tags":[20,84,128],"class_list":["post-7056","post","type-post","status-publish","format-standard","has-post-thumbnail","hentry","category-blues-jazz","category-musique","category-rock","category-sur-ma-platine","tag-musique","tag-sur-ma-platine","tag-townes-van-zandt"],"jetpack_publicize_connections":[],"jetpack_featured_media_url":"https:\/\/joseph-isola.info\/Sardequin\/wp-content\/uploads\/2017\/07\/Townes-Van-Zandt.png","jetpack_likes_enabled":true,"jetpack_sharing_enabled":true,"_links":{"self":[{"href":"https:\/\/joseph-isola.info\/Sardequin\/wp-json\/wp\/v2\/posts\/7056","targetHints":{"allow":["GET"]}}],"collection":[{"href":"https:\/\/joseph-isola.info\/Sardequin\/wp-json\/wp\/v2\/posts"}],"about":[{"href":"https:\/\/joseph-isola.info\/Sardequin\/wp-json\/wp\/v2\/types\/post"}],"author":[{"embeddable":true,"href":"https:\/\/joseph-isola.info\/Sardequin\/wp-json\/wp\/v2\/users\/5"}],"replies":[{"embeddable":true,"href":"https:\/\/joseph-isola.info\/Sardequin\/wp-json\/wp\/v2\/comments?post=7056"}],"version-history":[{"count":0,"href":"https:\/\/joseph-isola.info\/Sardequin\/wp-json\/wp\/v2\/posts\/7056\/revisions"}],"wp:featuredmedia":[{"embeddable":true,"href":"https:\/\/joseph-isola.info\/Sardequin\/wp-json\/wp\/v2\/media\/6673"}],"wp:attachment":[{"href":"https:\/\/joseph-isola.info\/Sardequin\/wp-json\/wp\/v2\/media?parent=7056"}],"wp:term":[{"taxonomy":"category","embeddable":true,"href":"https:\/\/joseph-isola.info\/Sardequin\/wp-json\/wp\/v2\/categories?post=7056"},{"taxonomy":"post_tag","embeddable":true,"href":"https:\/\/joseph-isola.info\/Sardequin\/wp-json\/wp\/v2\/tags?post=7056"}],"curies":[{"name":"wp","href":"https:\/\/api.w.org\/{rel}","templated":true}]}}