{"id":7395,"date":"2017-11-22T21:47:00","date_gmt":"2017-11-22T20:47:00","guid":{"rendered":"http:\/\/joseph-isola.info\/Sardequin\/?p=7395"},"modified":"2017-11-22T21:55:05","modified_gmt":"2017-11-22T20:55:05","slug":"premiere-liste-avant-le-top-dix","status":"publish","type":"post","link":"https:\/\/joseph-isola.info\/Sardequin\/premiere-liste-avant-le-top-dix\/","title":{"rendered":"Premi\u00e8re liste avant le Top Dix !"},"content":{"rendered":"<h1>D\u00e9j\u00e0 (au moins) 25 albums dans la liste !<\/h1>\n<p>Et ce n&rsquo;est que le d\u00e9but ! Au fur et \u00e0 mesure, d&rsquo;autres titres viennent se greffer \u00e0 cette liste. Le choix va \u00eatre corn\u00e9lien ! La liste que je vais vous pr\u00e9senter (sans les titres des albums) est tout \u00e0 fait non-exhaustive bien s\u00fbr !<\/p>\n<p><img loading=\"lazy\" decoding=\"async\" class=\" size-full wp-image-7405 aligncenter\" src=\"https:\/\/joseph-isola.info\/Sardequin\/wp-content\/uploads\/2017\/11\/premiereliste.png\" alt=\"premiereliste\" width=\"1024\" height=\"768\" srcset=\"https:\/\/joseph-isola.info\/Sardequin\/wp-content\/uploads\/2017\/11\/premiereliste.png 1024w, https:\/\/joseph-isola.info\/Sardequin\/wp-content\/uploads\/2017\/11\/premiereliste-600x450.png 600w, https:\/\/joseph-isola.info\/Sardequin\/wp-content\/uploads\/2017\/11\/premiereliste-830x623.png 830w, https:\/\/joseph-isola.info\/Sardequin\/wp-content\/uploads\/2017\/11\/premiereliste-230x173.png 230w, https:\/\/joseph-isola.info\/Sardequin\/wp-content\/uploads\/2017\/11\/premiereliste-350x263.png 350w, https:\/\/joseph-isola.info\/Sardequin\/wp-content\/uploads\/2017\/11\/premiereliste-480x360.png 480w\" sizes=\"auto, (max-width: 1024px) 100vw, 1024px\" \/><\/p>\n<p>Petite mise \u00e0 jour, avec le lien vers la liste (en principe) compl\u00e8te des vinyles de cette ann\u00e9e 2017 :\u00a0<a href=\"https:\/\/joseph-isola.info\/Sardequin\/wp-content\/uploads\/2017\/11\/Mistermojo-collection-20171119-0930.pdf\" target=\"_blank\" rel=\"noopener\">La liste des Vinyles de 2017<\/a><\/p>\n<p>&nbsp;<\/p>\n","protected":false},"excerpt":{"rendered":"<p>D\u00e9j\u00e0 (au moins) 25 albums dans la liste ! Et ce n&rsquo;est que le d\u00e9but<\/p>\n","protected":false},"author":5,"featured_media":7405,"comment_status":"open","ping_status":"open","sticky":false,"template":"","format":"standard","meta":{"_jetpack_memberships_contains_paid_content":false,"footnotes":"","jetpack_publicize_message":"","jetpack_publicize_feature_enabled":true,"jetpack_social_post_already_shared":true,"jetpack_social_options":{"image_generator_settings":{"template":"highway","default_image_id":0,"font":"","enabled":false},"version":2}},"categories":[1,68,62],"tags":[20,19],"class_list":["post-7395","post","type-post","status-publish","format-standard","has-post-thumbnail","hentry","category-jour-en-jours","category-musique","category-vinyles","tag-musique","tag-vinyles"],"jetpack_publicize_connections":[],"jetpack_featured_media_url":"https:\/\/joseph-isola.info\/Sardequin\/wp-content\/uploads\/2017\/11\/premiereliste.png","jetpack_likes_enabled":true,"jetpack_sharing_enabled":true,"_links":{"self":[{"href":"https:\/\/joseph-isola.info\/Sardequin\/wp-json\/wp\/v2\/posts\/7395","targetHints":{"allow":["GET"]}}],"collection":[{"href":"https:\/\/joseph-isola.info\/Sardequin\/wp-json\/wp\/v2\/posts"}],"about":[{"href":"https:\/\/joseph-isola.info\/Sardequin\/wp-json\/wp\/v2\/types\/post"}],"author":[{"embeddable":true,"href":"https:\/\/joseph-isola.info\/Sardequin\/wp-json\/wp\/v2\/users\/5"}],"replies":[{"embeddable":true,"href":"https:\/\/joseph-isola.info\/Sardequin\/wp-json\/wp\/v2\/comments?post=7395"}],"version-history":[{"count":0,"href":"https:\/\/joseph-isola.info\/Sardequin\/wp-json\/wp\/v2\/posts\/7395\/revisions"}],"wp:featuredmedia":[{"embeddable":true,"href":"https:\/\/joseph-isola.info\/Sardequin\/wp-json\/wp\/v2\/media\/7405"}],"wp:attachment":[{"href":"https:\/\/joseph-isola.info\/Sardequin\/wp-json\/wp\/v2\/media?parent=7395"}],"wp:term":[{"taxonomy":"category","embeddable":true,"href":"https:\/\/joseph-isola.info\/Sardequin\/wp-json\/wp\/v2\/categories?post=7395"},{"taxonomy":"post_tag","embeddable":true,"href":"https:\/\/joseph-isola.info\/Sardequin\/wp-json\/wp\/v2\/tags?post=7395"}],"curies":[{"name":"wp","href":"https:\/\/api.w.org\/{rel}","templated":true}]}}