{"id":7461,"date":"2017-12-06T09:36:39","date_gmt":"2017-12-06T08:36:39","guid":{"rendered":"http:\/\/joseph-isola.info\/Sardequin\/?p=7461"},"modified":"2017-12-06T15:44:27","modified_gmt":"2017-12-06T14:44:27","slug":"hommage-national","status":"publish","type":"post","link":"https:\/\/joseph-isola.info\/Sardequin\/hommage-national\/","title":{"rendered":"Fromage National !"},"content":{"rendered":"<h1>On a tous en nous quelque chose de\u2026<\/h1>\n<p>C\u2019est quand m\u00eame ballot, si Fran\u00e7ois Hollande avait encore \u00e9t\u00e9 pr\u00e9sident, on aurait eu un Hommage de Hollande ! Mais non ! Franchement, bon, c\u2019est triste la mort de quelqu\u2019un. Mais enfin quoi, hommage national ? On a tous quelque chose en nous de qui vous savez ? L\u2019idole de tous les Fran\u00e7ais ?<\/p>\n<p>Non mais \u00ab\u00a0allo quoi\u00a0\u00bb !!!<\/p>\n<p>Je vais vous dire une chose, je m\u2019en tape le coquillard d\u2019une force.<br \/>\nAlors pourquoi cet article alors ? Juste pour vous faire entendre ce titre du groupe pop\/rock fran\u00e7ais <strong>La Blanche <\/strong>(pop \u00e9lectro assez \u00e9l\u00e9gante), titre qui date de 2006, et qui est d\u2019une actualit\u00e9 parfaite !<br \/>\nPas une radio, pas un journal avec en boucle les m\u00eames clich\u00e9s, les m\u00eames slogans pr\u00e9-m\u00e2ch\u00e9s, \u00e9crits depuis longtemps. On va en bouffer du machin, pendant des jours et des semaines, et heureusement que je n\u2019ai plus la t\u00e9l\u00e9vision, je vais \u00e9chapper aux \u00e9missions sp\u00e9ciales ! Ouf !<\/p>\n<p>Allez, je ne vais pas en faire des tonnes non plus, j\u2019ai encore une dizaine d\u2019albums \u00e0 \u00ab\u00a0r\u00e9viser\u00a0\u00bb pour \u00e9tablir mon Top10 !<\/p>\n<p><em>\u00c9dit : j\u2019ai modifi\u00e9 le titre de mon billet, il s\u2019accorde mieux avec le jeu de mot naze de la premi\u00e8re ligne de mon article.<\/em><\/p>\n<p>&nbsp;<\/p>\n<audio class=\"wp-audio-shortcode\" id=\"audio-7461-1\" preload=\"none\" style=\"width: 100%;\" controls=\"controls\"><source type=\"audio\/mpeg\" src=\"https:\/\/joseph-isola.info\/Sardequin\/wp-content\/uploads\/2017\/12\/La-Mort-\u00e0-Johnny.mp3?_=1\" \/><a href=\"https:\/\/joseph-isola.info\/Sardequin\/wp-content\/uploads\/2017\/12\/La-Mort-\u00e0-Johnny.mp3\">https:\/\/joseph-isola.info\/Sardequin\/wp-content\/uploads\/2017\/12\/La-Mort-\u00e0-Johnny.mp3<\/a><\/audio>\n","protected":false},"excerpt":{"rendered":"<p>On a tous en nous quelque chose de\u2026 C\u2019est quand m\u00eame ballot, si Fran\u00e7ois Hollande<\/p>\n","protected":false},"author":5,"featured_media":7464,"comment_status":"open","ping_status":"open","sticky":false,"template":"","format":"standard","meta":{"_jetpack_memberships_contains_paid_content":false,"footnotes":"","jetpack_publicize_message":"","jetpack_publicize_feature_enabled":true,"jetpack_social_post_already_shared":true,"jetpack_social_options":{"image_generator_settings":{"template":"highway","default_image_id":0,"font":"","enabled":false},"version":2}},"categories":[1,68],"tags":[25,304],"class_list":["post-7461","post","type-post","status-publish","format-standard","has-post-thumbnail","hentry","category-jour-en-jours","category-musique","tag-blabla","tag-jauni-a-lidee"],"jetpack_publicize_connections":[],"jetpack_featured_media_url":"https:\/\/joseph-isola.info\/Sardequin\/wp-content\/uploads\/2017\/12\/jauni.jpeg","jetpack_likes_enabled":true,"jetpack_sharing_enabled":true,"_links":{"self":[{"href":"https:\/\/joseph-isola.info\/Sardequin\/wp-json\/wp\/v2\/posts\/7461","targetHints":{"allow":["GET"]}}],"collection":[{"href":"https:\/\/joseph-isola.info\/Sardequin\/wp-json\/wp\/v2\/posts"}],"about":[{"href":"https:\/\/joseph-isola.info\/Sardequin\/wp-json\/wp\/v2\/types\/post"}],"author":[{"embeddable":true,"href":"https:\/\/joseph-isola.info\/Sardequin\/wp-json\/wp\/v2\/users\/5"}],"replies":[{"embeddable":true,"href":"https:\/\/joseph-isola.info\/Sardequin\/wp-json\/wp\/v2\/comments?post=7461"}],"version-history":[{"count":0,"href":"https:\/\/joseph-isola.info\/Sardequin\/wp-json\/wp\/v2\/posts\/7461\/revisions"}],"wp:featuredmedia":[{"embeddable":true,"href":"https:\/\/joseph-isola.info\/Sardequin\/wp-json\/wp\/v2\/media\/7464"}],"wp:attachment":[{"href":"https:\/\/joseph-isola.info\/Sardequin\/wp-json\/wp\/v2\/media?parent=7461"}],"wp:term":[{"taxonomy":"category","embeddable":true,"href":"https:\/\/joseph-isola.info\/Sardequin\/wp-json\/wp\/v2\/categories?post=7461"},{"taxonomy":"post_tag","embeddable":true,"href":"https:\/\/joseph-isola.info\/Sardequin\/wp-json\/wp\/v2\/tags?post=7461"}],"curies":[{"name":"wp","href":"https:\/\/api.w.org\/{rel}","templated":true}]}}