{"id":7875,"date":"2018-04-08T12:17:13","date_gmt":"2018-04-08T10:17:13","guid":{"rendered":"http:\/\/joseph-isola.info\/Sardequin\/?p=7875"},"modified":"2018-04-08T12:17:13","modified_gmt":"2018-04-08T10:17:13","slug":"avis-de-tempete-et-vide-greniers","status":"publish","type":"post","link":"https:\/\/joseph-isola.info\/Sardequin\/avis-de-tempete-et-vide-greniers\/","title":{"rendered":"Avis de temp\u00eate et vide-greniers !"},"content":{"rendered":"<p><a href=\"https:\/\/joseph-isola.info\/Sardequin\/wp-content\/uploads\/2018\/04\/08-04-18.jpg\"><img loading=\"lazy\" decoding=\"async\" class=\"aligncenter size-full wp-image-7876\" src=\"https:\/\/joseph-isola.info\/Sardequin\/wp-content\/uploads\/2018\/04\/08-04-18.jpg\" alt=\"\" width=\"3774\" height=\"2618\" srcset=\"https:\/\/joseph-isola.info\/Sardequin\/wp-content\/uploads\/2018\/04\/08-04-18.jpg 3774w, https:\/\/joseph-isola.info\/Sardequin\/wp-content\/uploads\/2018\/04\/08-04-18-600x416.jpg 600w, https:\/\/joseph-isola.info\/Sardequin\/wp-content\/uploads\/2018\/04\/08-04-18-1280x888.jpg 1280w, https:\/\/joseph-isola.info\/Sardequin\/wp-content\/uploads\/2018\/04\/08-04-18-830x576.jpg 830w, https:\/\/joseph-isola.info\/Sardequin\/wp-content\/uploads\/2018\/04\/08-04-18-230x160.jpg 230w, https:\/\/joseph-isola.info\/Sardequin\/wp-content\/uploads\/2018\/04\/08-04-18-350x243.jpg 350w, https:\/\/joseph-isola.info\/Sardequin\/wp-content\/uploads\/2018\/04\/08-04-18-480x333.jpg 480w\" sizes=\"auto, (max-width: 3774px) 100vw, 3774px\" \/><\/a><\/p>\n<p>Vigilance Orange au vent violent sur les Bouches du Rh\u00f4ne et un paquet de vide-greniers annul\u00e9s sur le site vide-greniers.org ! Il y a quand m\u00eame eu quelques endroits \u00e0 visiter, dont le vide-greniers annuel \u00e0 Gardanne dans la grande halle L\u00e9o ferr\u00e9 ! Et c\u2019est l\u00e0 que j\u2019ai trouv\u00e9 au milieu des putains d\u2019omnipr\u00e9sents disques de misselchardou, les 3 petites galette des <strong>Beatles<\/strong>, l\u2019album de <strong>Niagara<\/strong> et <strong>Octaves<\/strong>. Mais qui sont Octaves ? J\u2019avoue, j\u2019ai pris au pifom\u00e8tre, pensant \u00e0 du folk et je pense bien si j\u2019en crois les informations sur Discogs. On verra bien \u00e0 l\u2019\u00e9coute si c\u2019est une trouvaille sympa ou une daube de plus.<br \/>\nBizarrement, je n\u2019ai rencontr\u00e9 aucun de mes concurrents habituels et n\u00e9anmoins amis ce matin.<\/p>\n<p>Et sur le second vide-greniers, du jazz avec <strong>Charlie Parker<\/strong> et <strong>Earl Hines<\/strong>, du folk avec <strong>Roger Mason<\/strong>\u00a0(excellent guitariste am\u00e9ricain) et <strong>Malicorne<\/strong>.<\/p>\n<p>Un petit dimanche, une reprise modeste, pas de grandes trouvailles, mais quelques galettes sympathiques.<\/p>\n<p>&nbsp;<\/p>\n","protected":false},"excerpt":{"rendered":"<p>Vigilance Orange au vent violent sur les Bouches du Rh\u00f4ne et un paquet de vide-greniers<\/p>\n","protected":false},"author":5,"featured_media":7876,"comment_status":"open","ping_status":"open","sticky":false,"template":"","format":"standard","meta":{"_jetpack_memberships_contains_paid_content":false,"footnotes":"","jetpack_publicize_message":"","jetpack_publicize_feature_enabled":true,"jetpack_social_post_already_shared":true,"jetpack_social_options":{"image_generator_settings":{"template":"highway","default_image_id":0,"font":"","enabled":false},"version":2}},"categories":[124,68,122,62],"tags":[20,55,19],"class_list":["post-7875","post","type-post","status-publish","format-standard","has-post-thumbnail","hentry","category-blues-jazz","category-musique","category-rock","category-vinyles","tag-musique","tag-vide-greniers","tag-vinyles"],"jetpack_publicize_connections":[],"jetpack_featured_media_url":"https:\/\/joseph-isola.info\/Sardequin\/wp-content\/uploads\/2018\/04\/08-04-18.jpg","jetpack_likes_enabled":true,"jetpack_sharing_enabled":true,"_links":{"self":[{"href":"https:\/\/joseph-isola.info\/Sardequin\/wp-json\/wp\/v2\/posts\/7875","targetHints":{"allow":["GET"]}}],"collection":[{"href":"https:\/\/joseph-isola.info\/Sardequin\/wp-json\/wp\/v2\/posts"}],"about":[{"href":"https:\/\/joseph-isola.info\/Sardequin\/wp-json\/wp\/v2\/types\/post"}],"author":[{"embeddable":true,"href":"https:\/\/joseph-isola.info\/Sardequin\/wp-json\/wp\/v2\/users\/5"}],"replies":[{"embeddable":true,"href":"https:\/\/joseph-isola.info\/Sardequin\/wp-json\/wp\/v2\/comments?post=7875"}],"version-history":[{"count":0,"href":"https:\/\/joseph-isola.info\/Sardequin\/wp-json\/wp\/v2\/posts\/7875\/revisions"}],"wp:featuredmedia":[{"embeddable":true,"href":"https:\/\/joseph-isola.info\/Sardequin\/wp-json\/wp\/v2\/media\/7876"}],"wp:attachment":[{"href":"https:\/\/joseph-isola.info\/Sardequin\/wp-json\/wp\/v2\/media?parent=7875"}],"wp:term":[{"taxonomy":"category","embeddable":true,"href":"https:\/\/joseph-isola.info\/Sardequin\/wp-json\/wp\/v2\/categories?post=7875"},{"taxonomy":"post_tag","embeddable":true,"href":"https:\/\/joseph-isola.info\/Sardequin\/wp-json\/wp\/v2\/tags?post=7875"}],"curies":[{"name":"wp","href":"https:\/\/api.w.org\/{rel}","templated":true}]}}