{"id":7926,"date":"2018-04-29T22:43:12","date_gmt":"2018-04-29T20:43:12","guid":{"rendered":"http:\/\/joseph-isola.info\/Sardequin\/?p=7926"},"modified":"2018-04-29T22:43:12","modified_gmt":"2018-04-29T20:43:12","slug":"les-derniers-disques-davril","status":"publish","type":"post","link":"https:\/\/joseph-isola.info\/Sardequin\/les-derniers-disques-davril\/","title":{"rendered":"Les derniers disques d\u2019Avril !"},"content":{"rendered":"<p><a href=\"https:\/\/joseph-isola.info\/Sardequin\/wp-content\/uploads\/2018\/04\/Vinon-29_04_18.jpg\"><img loading=\"lazy\" decoding=\"async\" class=\"aligncenter size-full wp-image-7927\" src=\"https:\/\/joseph-isola.info\/Sardequin\/wp-content\/uploads\/2018\/04\/Vinon-29_04_18.jpg\" alt=\"\" width=\"4000\" height=\"2231\" srcset=\"https:\/\/joseph-isola.info\/Sardequin\/wp-content\/uploads\/2018\/04\/Vinon-29_04_18.jpg 4000w, https:\/\/joseph-isola.info\/Sardequin\/wp-content\/uploads\/2018\/04\/Vinon-29_04_18-600x335.jpg 600w, https:\/\/joseph-isola.info\/Sardequin\/wp-content\/uploads\/2018\/04\/Vinon-29_04_18-1280x714.jpg 1280w, https:\/\/joseph-isola.info\/Sardequin\/wp-content\/uploads\/2018\/04\/Vinon-29_04_18-830x463.jpg 830w, https:\/\/joseph-isola.info\/Sardequin\/wp-content\/uploads\/2018\/04\/Vinon-29_04_18-230x128.jpg 230w, https:\/\/joseph-isola.info\/Sardequin\/wp-content\/uploads\/2018\/04\/Vinon-29_04_18-350x195.jpg 350w, https:\/\/joseph-isola.info\/Sardequin\/wp-content\/uploads\/2018\/04\/Vinon-29_04_18-480x268.jpg 480w\" sizes=\"auto, (max-width: 4000px) 100vw, 4000px\" \/><\/a><\/p>\n<p>Dernier dimanche d\u2019avril et derni\u00e8re r\u00e9colte vinylesque. Un seul vide-greniers au programme, surtout que je n\u2019avais que 10\u20ac en poche. Un second aurait pu \u00eatre envisag\u00e9 si je n\u2019avais rien trouv\u00e9 sur le premier. Par chance, voir ci-dessus, la r\u00e9colte modeste certes en quantit\u00e9, mais pas en qualit\u00e9 m\u2019a fait gagner du temps.<\/p>\n<p>Vinon\/Verdon, \u00e0 quelques 30 km de chez moi, un gros vide-greniers dans un cadre sympa, au bord du Verdon. Et sur une bonne centaine d\u2019exposants, seulement trois bacs de disques et gu\u00e8re plus de 30 ou 40 galettes dans chaque bac. Le premier avec comme toujours les \u00e9ternels Michel Sardou comme choix le plus moderne et novateur. C\u2019est sur le second que j\u2019ai d\u00e9nich\u00e9 les 3 premiers albums &#8211; <strong>Status Quo<\/strong>,\u00a0<b>Id\u00e9al<\/b>\u00a0(apparemment groupe post punk allemand) et <strong>Catherine Ribeiro+2bis<\/strong>. Et ce dernier est sans doute la belle prise de la matin\u00e9e, album rare et le premier de Ribeiro (avec 2Bis qui deviendra Alpes pour les albums suivants). Une petite n\u00e9gociation pour le principe, la pochette du Ribeiro \u00e9tant quelque peu fatigu\u00e9e. Et les trois albums pour 8\u20ac ! D\u00e9j\u00e0 bien content de cette petite r\u00e9colte, je poursuis ma d\u00e9ambulation et m\u2019arr\u00eate devant le troisi\u00e8me bac. <strong>The Supremes<\/strong> et un <strong>Antoine\u00a0<\/strong>de la grande \u00e9poque (pochette fatigu\u00e9e aussi) sortis du bac, et emport\u00e9s pour 2\u20ac. \u00a0Je termine mon tour du vide-greniers, rien de plus, pas de bacs ni de sac planqu\u00e9 avec des p\u00e9pites \u00e0 l\u2019int\u00e9rieur. Et comme je n\u2019avais plus un centime\u00a0vaillant en poche, c\u2019\u00e9tait mieux comme \u00e7a. Arriv\u00e9 un peu avant 8h, reparti un peu apr\u00e8s 8h20 ! Vite fait bien fait !<\/p>\n<p>Les disques sont nettoy\u00e9s, demain, j\u2019\u00e9coute. Et mardi 1er mai, la chasse reprends !<\/p>\n","protected":false},"excerpt":{"rendered":"<p>Dernier dimanche d\u2019avril et derni\u00e8re r\u00e9colte vinylesque. Un seul vide-greniers au programme, surtout que je<\/p>\n","protected":false},"author":5,"featured_media":7927,"comment_status":"open","ping_status":"open","sticky":false,"template":"","format":"standard","meta":{"_jetpack_memberships_contains_paid_content":false,"footnotes":"","jetpack_publicize_message":"","jetpack_publicize_feature_enabled":true,"jetpack_social_post_already_shared":true,"jetpack_social_options":{"image_generator_settings":{"template":"highway","default_image_id":0,"font":"","enabled":false},"version":2}},"categories":[126,68,122,62],"tags":[20,55,19],"class_list":["post-7926","post","type-post","status-publish","format-standard","has-post-thumbnail","hentry","category-chanson","category-musique","category-rock","category-vinyles","tag-musique","tag-vide-greniers","tag-vinyles"],"jetpack_publicize_connections":[],"jetpack_featured_media_url":"https:\/\/joseph-isola.info\/Sardequin\/wp-content\/uploads\/2018\/04\/Vinon-29_04_18.jpg","jetpack_likes_enabled":true,"jetpack_sharing_enabled":true,"_links":{"self":[{"href":"https:\/\/joseph-isola.info\/Sardequin\/wp-json\/wp\/v2\/posts\/7926","targetHints":{"allow":["GET"]}}],"collection":[{"href":"https:\/\/joseph-isola.info\/Sardequin\/wp-json\/wp\/v2\/posts"}],"about":[{"href":"https:\/\/joseph-isola.info\/Sardequin\/wp-json\/wp\/v2\/types\/post"}],"author":[{"embeddable":true,"href":"https:\/\/joseph-isola.info\/Sardequin\/wp-json\/wp\/v2\/users\/5"}],"replies":[{"embeddable":true,"href":"https:\/\/joseph-isola.info\/Sardequin\/wp-json\/wp\/v2\/comments?post=7926"}],"version-history":[{"count":0,"href":"https:\/\/joseph-isola.info\/Sardequin\/wp-json\/wp\/v2\/posts\/7926\/revisions"}],"wp:featuredmedia":[{"embeddable":true,"href":"https:\/\/joseph-isola.info\/Sardequin\/wp-json\/wp\/v2\/media\/7927"}],"wp:attachment":[{"href":"https:\/\/joseph-isola.info\/Sardequin\/wp-json\/wp\/v2\/media?parent=7926"}],"wp:term":[{"taxonomy":"category","embeddable":true,"href":"https:\/\/joseph-isola.info\/Sardequin\/wp-json\/wp\/v2\/categories?post=7926"},{"taxonomy":"post_tag","embeddable":true,"href":"https:\/\/joseph-isola.info\/Sardequin\/wp-json\/wp\/v2\/tags?post=7926"}],"curies":[{"name":"wp","href":"https:\/\/api.w.org\/{rel}","templated":true}]}}