{"id":9421,"date":"2018-12-03T22:02:54","date_gmt":"2018-12-03T21:02:54","guid":{"rendered":"http:\/\/joseph-isola.info\/Sardequin\/?p=9421"},"modified":"2018-12-03T22:03:06","modified_gmt":"2018-12-03T21:03:06","slug":"cherchez-lintruse","status":"publish","type":"post","link":"https:\/\/joseph-isola.info\/Sardequin\/cherchez-lintruse\/","title":{"rendered":"Cherchez l\u2019intruse !"},"content":{"rendered":"\n<div class=\"wp-block-image\"><figure class=\"aligncenter\"><img loading=\"lazy\" decoding=\"async\" width=\"1000\" height=\"927\" src=\"https:\/\/joseph-isola.info\/Sardequin\/wp-content\/uploads\/2018\/12\/cherchezunintrus.gif\" alt=\"\" class=\"wp-image-9422\"\/><\/figure><\/div>\n\n\n\n<p>Et en plus, le rangement est totalement termin\u00e9. Enfin, les disques sont class\u00e9s dans l\u2019ordre alphab\u00e9tique et par genres : Classique, avec une partie musique (tr\u00e8s) contemporaine, Jazz, Blues, Chanson (fran\u00e7aise monsieur), Musiques du \u00ab\u00a0monde\u00a0\u00bb, Reggae et enfin, le grand fourre tout Pop\/Rock\/Folk. Ce ne fut pas une partie de plaisir. Il m\u2019a fallu ranger, ressortir, d\u00e9caler des cases enti\u00e8res pour parvenir \u00e0 la toute fin, avec une petite douzaine de disques sur la table basse et enfin voir le bout du tunnel. Ce ne sont pas une ann\u00e9e, mais ce sont deux ann\u00e9es presque enti\u00e8re de chine et achats divers qu\u2019il a fallu trier et ordonner. Mais c\u2019est fait, maintenant, je peux retrouver d\u2019un coup d\u2019un seul le bon disque, celui que je cherche, sans me demander, \u00ab\u00a0mais bordel, il est pass\u00e9 o\u00f9 le Fran\u00e7ois de Roubaix Vol2 ?!\u00a0\u00bb. Et je vais pouvoir enfin faire le bilan de 2018, juste esquiss\u00e9 dans le billet ci-dessous.<\/p>\n\n\n\n<figure class=\"wp-block-embed-wordpress aligncenter wp-block-embed is-type-wp-embed is-provider-le-blog-notes\"><div class=\"wp-block-embed__wrapper\">\n<blockquote class=\"wp-embedded-content\" data-secret=\"yMcoaeorpM\"><a href=\"https:\/\/joseph-isola.info\/Sardequin\/les-pretendants-vinyles-et-cd-audio-au-top10-2018\/\">les pr\u00e9tendants vinyles et cd-audio au TOP10 2018<\/a><\/blockquote><iframe loading=\"lazy\" class=\"wp-embedded-content\" sandbox=\"allow-scripts\" security=\"restricted\" style=\"position: absolute; clip: rect(1px, 1px, 1px, 1px);\" title=\"\u00ab\u00a0les pr\u00e9tendants vinyles et cd-audio au TOP10 2018\u00a0\u00bb &#8212; LE BLOG NOTES\" src=\"https:\/\/joseph-isola.info\/Sardequin\/les-pretendants-vinyles-et-cd-audio-au-top10-2018\/embed\/#?secret=aX6RwIPKvq#?secret=yMcoaeorpM\" data-secret=\"yMcoaeorpM\" width=\"600\" height=\"338\" frameborder=\"0\" marginwidth=\"0\" marginheight=\"0\" scrolling=\"no\"><\/iframe>\n<\/div><figcaption><br \/><\/figcaption><\/figure>\n\n\n\n<p>La liste n\u2019est pas totalement immuable, mais certaines tendances se dessinent d\u00e9j\u00e0 ! Le r\u00e9sultat en fin de semaine !<\/p>\n","protected":false},"excerpt":{"rendered":"<p>Et en plus, le rangement est totalement termin\u00e9. Enfin, les disques sont class\u00e9s dans l\u2019ordre<\/p>\n","protected":false},"author":5,"featured_media":9422,"comment_status":"open","ping_status":"open","sticky":false,"template":"","format":"standard","meta":{"_jetpack_memberships_contains_paid_content":false,"footnotes":"","jetpack_publicize_message":"","jetpack_publicize_feature_enabled":true,"jetpack_social_post_already_shared":true,"jetpack_social_options":{"image_generator_settings":{"template":"highway","default_image_id":0,"font":"","enabled":false},"version":2}},"categories":[124,126,123,1,280,68,69,122,125,16,62],"tags":[396,20,395,84,388,19],"class_list":["post-9421","post","type-post","status-publish","format-standard","has-post-thumbnail","hentry","category-blues-jazz","category-chanson","category-classique","category-jour-en-jours","category-electro","category-musique","category-photographies","category-rock","category-roots-reggae-world-et-autres","category-sur-ma-platine","category-vinyles","tag-classement","tag-musique","tag-ordre-alphabetique","tag-sur-ma-platine","tag-top-10","tag-vinyles"],"jetpack_publicize_connections":[],"jetpack_featured_media_url":"https:\/\/joseph-isola.info\/Sardequin\/wp-content\/uploads\/2018\/12\/cherchezunintrus.gif","jetpack_likes_enabled":true,"jetpack_sharing_enabled":true,"_links":{"self":[{"href":"https:\/\/joseph-isola.info\/Sardequin\/wp-json\/wp\/v2\/posts\/9421","targetHints":{"allow":["GET"]}}],"collection":[{"href":"https:\/\/joseph-isola.info\/Sardequin\/wp-json\/wp\/v2\/posts"}],"about":[{"href":"https:\/\/joseph-isola.info\/Sardequin\/wp-json\/wp\/v2\/types\/post"}],"author":[{"embeddable":true,"href":"https:\/\/joseph-isola.info\/Sardequin\/wp-json\/wp\/v2\/users\/5"}],"replies":[{"embeddable":true,"href":"https:\/\/joseph-isola.info\/Sardequin\/wp-json\/wp\/v2\/comments?post=9421"}],"version-history":[{"count":0,"href":"https:\/\/joseph-isola.info\/Sardequin\/wp-json\/wp\/v2\/posts\/9421\/revisions"}],"wp:featuredmedia":[{"embeddable":true,"href":"https:\/\/joseph-isola.info\/Sardequin\/wp-json\/wp\/v2\/media\/9422"}],"wp:attachment":[{"href":"https:\/\/joseph-isola.info\/Sardequin\/wp-json\/wp\/v2\/media?parent=9421"}],"wp:term":[{"taxonomy":"category","embeddable":true,"href":"https:\/\/joseph-isola.info\/Sardequin\/wp-json\/wp\/v2\/categories?post=9421"},{"taxonomy":"post_tag","embeddable":true,"href":"https:\/\/joseph-isola.info\/Sardequin\/wp-json\/wp\/v2\/tags?post=9421"}],"curies":[{"name":"wp","href":"https:\/\/api.w.org\/{rel}","templated":true}]}}